{"id":29925,"date":"2024-08-20T18:40:11","date_gmt":"2024-08-20T21:40:11","guid":{"rendered":"https:\/\/acrj.org.br\/?p=29925"},"modified":"2025-09-16T15:10:11","modified_gmt":"2025-09-16T18:10:11","slug":"representantes-do-ibge-falam-sobre-pesquisas-e-cadastros-de-empresas-em-reuniao-no-conselho-das-mpes","status":"publish","type":"post","link":"https:\/\/acrj.org.br\/index.php\/2024\/08\/20\/representantes-do-ibge-falam-sobre-pesquisas-e-cadastros-de-empresas-em-reuniao-no-conselho-das-mpes\/","title":{"rendered":"Representantes do IBGE falam sobre pesquisas e cadastros de empresas em reuni\u00e3o no Conselho das MPEs"},"content":{"rendered":"\n<p>Representantes do IBGE participaram, dia 20 de agosto, da reuni\u00e3o do Conselho Empresarial das Micro e Pequenas Empresas da ACRJ. Thiego Pereira, Fl\u00e1vio Magheli e Alessandro Maia Pinheiro falaram sobre estat\u00edsticas, cadastros e pesquisas em empresas. A reuni\u00e3o foi coordenada pelo presdeinte do Conselho, Thor Carvalho.<\/p>\n\n\n\n<p>Thiego Pereira abordou o Cempre (Cadastro Central de Empresas), um grande banco de dados mantido pelo IBGE com informa\u00e7\u00f5es cadastrais e econ\u00f4micas da maioria das empresas e outras organiza\u00e7\u00f5es legalmente constitu\u00eddas no pa\u00eds. A fonte de dados \u00e9 a Secretaria da Receita Federal, Minist\u00e9rio do Desenvolvimento e Assist\u00eancia Social, Fam\u00edlia e Combate \u00e0 Fome e Minist\u00e9rio do Trabalho e Emprego. <strong><a href=\"https:\/\/acrj.org.br\/wp-content\/uploads\/2024\/08\/1-ACRJ-DPE-COCAD-Cadastro-Central-de-Empresas.pdf\">Saiba mais aqui <\/a><\/strong><\/p>\n\n\n\n<p>As Pesquisas Econ\u00f4micas Estruturais do IBGE foram apresentadas por Alessandro Pinheiro, com um recorte para a regi\u00e3o Sudeste e o Rio de Janeiro. Ele explicou sobre a realiza\u00e7\u00e3o das pesquisas, que s\u00e3o levantamentos estat\u00edsticos amostrais em empresas n\u00e3o financeiras, que retratam, anualmente, as caracter\u00edsticas da estrutura produtiva do pa\u00eds. Mostram ainda as mudan\u00e7as nos setores ao longo do tempo, repercutindo fen\u00f4menos capazes de mudar o cen\u00e1rio econ\u00f4mico de maneira mais duradoura, a exemplo de transforma\u00e7\u00f5es tecnol\u00f3gicas e institucionais. <strong><a href=\"https:\/\/acrj.org.br\/wp-content\/uploads\/2024\/08\/2-Associacao-comercial_Panorama-estruturais_200824_200824.pdf\">Saiba mais aqui<\/a><\/strong><\/p>\n\n\n\n<p>Por \u00faltimo, Fl\u00e1vio Magheli mostrou como s\u00e3o feitas as estat\u00edsticas conjunturais do Cadastro e Pesquisas em Empresas, que inclui dados sociais, econ\u00f4micos, demogr\u00e1ficos e levantamento geocient\u00edficos. <strong><a href=\"https:\/\/acrj.org.br\/wp-content\/uploads\/2024\/08\/3-Apresentacao-IBGE-CECON.pdf\">Saiba mais aqui <\/a><\/strong><\/p>\n\n\n\n<figure class=\"wp-block-image size-large is-resized\"><img fetchpriority=\"high\" decoding=\"async\" width=\"1024\" height=\"584\" src=\"https:\/\/acrj.org.br\/wp-content\/uploads\/2024\/08\/alessandro-e-Thor-1024x584.jpg\" alt=\"\" class=\"wp-image-29927\" style=\"width:360px\" srcset=\"https:\/\/acrj.org.br\/wp-content\/uploads\/2024\/08\/alessandro-e-Thor-1024x584.jpg 1024w, https:\/\/acrj.org.br\/wp-content\/uploads\/2024\/08\/alessandro-e-Thor-300x171.jpg 300w, https:\/\/acrj.org.br\/wp-content\/uploads\/2024\/08\/alessandro-e-Thor-768x438.jpg 768w, https:\/\/acrj.org.br\/wp-content\/uploads\/2024\/08\/alessandro-e-Thor-1536x875.jpg 1536w, https:\/\/acrj.org.br\/wp-content\/uploads\/2024\/08\/alessandro-e-Thor-600x342.jpg 600w, https:\/\/acrj.org.br\/wp-content\/uploads\/2024\/08\/alessandro-e-Thor.jpg 1974w\" sizes=\"(max-width: 1024px) 100vw, 1024px\" \/><figcaption class=\"wp-element-caption\">Alessandro Pinheiro (e.) e Thor Carvalho (c.)<\/figcaption><\/figure>\n\n\n\n<figure class=\"wp-block-image size-large is-resized\"><img decoding=\"async\" width=\"1024\" height=\"461\" src=\"https:\/\/acrj.org.br\/wp-content\/uploads\/2024\/08\/mesa2-1-1024x461.jpg\" alt=\"\" class=\"wp-image-29928\" style=\"width:360px\" srcset=\"https:\/\/acrj.org.br\/wp-content\/uploads\/2024\/08\/mesa2-1-1024x461.jpg 1024w, https:\/\/acrj.org.br\/wp-content\/uploads\/2024\/08\/mesa2-1-300x135.jpg 300w, https:\/\/acrj.org.br\/wp-content\/uploads\/2024\/08\/mesa2-1-768x346.jpg 768w, https:\/\/acrj.org.br\/wp-content\/uploads\/2024\/08\/mesa2-1-1536x691.jpg 1536w, https:\/\/acrj.org.br\/wp-content\/uploads\/2024\/08\/mesa2-1-600x270.jpg 600w, https:\/\/acrj.org.br\/wp-content\/uploads\/2024\/08\/mesa2-1.jpg 2000w\" sizes=\"(max-width: 1024px) 100vw, 1024px\" \/><\/figure>\n\n\n\n<figure class=\"wp-block-image size-large is-resized\"><img decoding=\"async\" width=\"1024\" height=\"510\" src=\"https:\/\/acrj.org.br\/wp-content\/uploads\/2024\/08\/thiego-e-Flavio-1024x510.jpg\" alt=\"\" class=\"wp-image-29929\" style=\"width:360px\" srcset=\"https:\/\/acrj.org.br\/wp-content\/uploads\/2024\/08\/thiego-e-Flavio-1024x510.jpg 1024w, https:\/\/acrj.org.br\/wp-content\/uploads\/2024\/08\/thiego-e-Flavio-300x149.jpg 300w, https:\/\/acrj.org.br\/wp-content\/uploads\/2024\/08\/thiego-e-Flavio-768x383.jpg 768w, https:\/\/acrj.org.br\/wp-content\/uploads\/2024\/08\/thiego-e-Flavio-1536x765.jpg 1536w, https:\/\/acrj.org.br\/wp-content\/uploads\/2024\/08\/thiego-e-Flavio-600x299.jpg 600w, https:\/\/acrj.org.br\/wp-content\/uploads\/2024\/08\/thiego-e-Flavio.jpg 1752w\" sizes=\"(max-width: 1024px) 100vw, 1024px\" \/><figcaption class=\"wp-element-caption\">Thiego Pereira e Fl\u00e1vio Magheli<\/figcaption><\/figure>\n","protected":false},"excerpt":{"rendered":"<p>Representantes do IBGE participaram, dia 20 de agosto, da reuni\u00e3o do Conselho Empresarial das Micro e Pequenas Empresas da ACRJ. Thiego Pereira, Fl\u00e1vio Magheli e&hellip;<\/p>\n","protected":false},"author":3,"featured_media":29926,"comment_status":"closed","ping_status":"closed","sticky":false,"template":"","format":"standard","meta":{"_exactmetrics_skip_tracking":false,"_exactmetrics_sitenote_active":false,"_exactmetrics_sitenote_note":"","_exactmetrics_sitenote_category":0,"footnotes":""},"categories":[56,10],"tags":[],"class_list":["post-29925","post","type-post","status-publish","format-standard","has-post-thumbnail","hentry","category-destaque_conselhos","category-noticias"],"_links":{"self":[{"href":"https:\/\/acrj.org.br\/index.php\/wp-json\/wp\/v2\/posts\/29925","targetHints":{"allow":["GET"]}}],"collection":[{"href":"https:\/\/acrj.org.br\/index.php\/wp-json\/wp\/v2\/posts"}],"about":[{"href":"https:\/\/acrj.org.br\/index.php\/wp-json\/wp\/v2\/types\/post"}],"author":[{"embeddable":true,"href":"https:\/\/acrj.org.br\/index.php\/wp-json\/wp\/v2\/users\/3"}],"replies":[{"embeddable":true,"href":"https:\/\/acrj.org.br\/index.php\/wp-json\/wp\/v2\/comments?post=29925"}],"version-history":[{"count":0,"href":"https:\/\/acrj.org.br\/index.php\/wp-json\/wp\/v2\/posts\/29925\/revisions"}],"wp:featuredmedia":[{"embeddable":true,"href":"https:\/\/acrj.org.br\/index.php\/wp-json\/wp\/v2\/media\/29926"}],"wp:attachment":[{"href":"https:\/\/acrj.org.br\/index.php\/wp-json\/wp\/v2\/media?parent=29925"}],"wp:term":[{"taxonomy":"category","embeddable":true,"href":"https:\/\/acrj.org.br\/index.php\/wp-json\/wp\/v2\/categories?post=29925"},{"taxonomy":"post_tag","embeddable":true,"href":"https:\/\/acrj.org.br\/index.php\/wp-json\/wp\/v2\/tags?post=29925"}],"curies":[{"name":"wp","href":"https:\/\/api.w.org\/{rel}","templated":true}]}}