{"id":29806,"date":"2024-08-17T08:45:33","date_gmt":"2024-08-17T11:45:33","guid":{"rendered":"https:\/\/acrj.org.br\/?p=29806"},"modified":"2025-09-16T15:09:40","modified_gmt":"2025-09-16T18:09:40","slug":"vice-presidente-executivo-da-abespetro-faz-palestra-na-reuniao-do-conselho-de-logistica","status":"publish","type":"post","link":"https:\/\/acrj.org.br\/index.php\/2024\/08\/17\/vice-presidente-executivo-da-abespetro-faz-palestra-na-reuniao-do-conselho-de-logistica\/","title":{"rendered":"Vice-presidente Executivo da ABESPetro faz palestra na reuni\u00e3o do Conselho de Log\u00edstica"},"content":{"rendered":"\n<p>O Conselho Empresarial de Log\u00edstica e Transporte da ACRJ recebeu, dia 15 de agosto, o vice-presidente Executivo da Associa\u00e7\u00e3o Brasileira das Empresas de Bens e Servi\u00e7os de Petr\u00f3leo (ABESPetro), Breno Medeiros. Ele apresentou a atua\u00e7\u00e3o da Associa\u00e7\u00e3o e um resumo das agendas propositivas rec\u00e9m-publicadas no Caderno ABESPetro (<strong><a href=\"https:\/\/abespetro.org.br\/noticias\/caderno-abespetro-2022-lancamento\/\">acesse aqui<\/a><\/strong>).<\/p>\n\n\n\n<p>Breno Medeiros tamb\u00e9m mencionou a respeito da enquete que a ABESPetro est\u00e1 fazendo entre as associadas sobre os desafios log\u00edsticos\/aduaneiros dos fornecedores do setor. \u201cImportante ter em mente que majoritariamente os desafios dos fornecedores do 1 elo do upstream, que representamos, s\u00e3o essencialmente aduaneiros e ou tribut\u00e1rios. Importante registrar esse ponto para alinhamento de expectativa&#8221;, explicou.<\/p>\n\n\n\n<p>A A ABESPetro \u00e9 uma associa\u00e7\u00e3o que representa o primeiro elo da cadeia produtiva de fornecedores de bens e servi\u00e7os para petroleiras em suas atividades de explora\u00e7\u00e3o e produ\u00e7\u00e3o de petr\u00f3leo e transi\u00e7\u00e3o energ\u00e9tica, no Brasil e no exterior. Promove ainda intera\u00e7\u00f5es entre suas associadas, com a finalidade de fortalecer a coopera\u00e7\u00e3o m\u00fatua e as a\u00e7\u00f5es em comum em benef\u00edcio da atividade e do desenvolvimento econ\u00f4mico do setor.<\/p>\n\n\n\n<p>Em outro item da pauta, o conselheiro Jo\u00e3o Gouveia, da Rionibus, trouxe a quest\u00e3o das ocorr\u00eancias entre os \u00f4nibus e as motos. Somente no m\u00eas de julho, informou, foram registrados 38 acidentes numa \u00fanica empresa de \u00d4nibus. De acordo com ele, a Rionibus tem feito treinamento com os motoristas, sinaliza\u00e7\u00e3o dos ve\u00edculos e far\u00e1 campanhas em conjunto com o Detran e a CET Rio no m\u00eas de setembro durante a Semana do Tr\u00e2nsito, mas refor\u00e7a que este \u00e9 um problema muito s\u00e9rio.<\/p>\n\n\n\n<p>\u201cMesmo assim, ainda tivemos esses 38 acidentes somente em uma empresa. Isso est\u00e1 gerando um ciclo vicioso, um problema muito mais s\u00e9rio do que a gente imagina. Participei de um semin\u00e1rio no INTO, o Instituto de Traumatologia aqui no Rio de Janeiro e foi falado que praticamente 75% das pessoas que entram nas emerg\u00eancias dos hospitais s\u00e3o com fraturas provenientes de acidentes de moto\u201d, disse.<\/p>\n\n\n\n<p>Com este relato, o presidente do Conselho, Eduardo Rebuzzi, sugeriu que o Conselho leve a proposta ao Presidente da ACRJ da realiza\u00e7\u00e3o de um semin\u00e1rio convidando outras entidades para debater assunto de extrema relev\u00e2ncia para nossa cidade e estado.<\/p>\n\n\n\n<figure class=\"wp-block-image size-full\"><img fetchpriority=\"high\" decoding=\"async\" width=\"665\" height=\"331\" src=\"https:\/\/acrj.org.br\/wp-content\/uploads\/2024\/08\/Screenshot_20240817-145036-740.png\" alt=\"\" class=\"wp-image-29812\" srcset=\"https:\/\/acrj.org.br\/wp-content\/uploads\/2024\/08\/Screenshot_20240817-145036-740.png 665w, https:\/\/acrj.org.br\/wp-content\/uploads\/2024\/08\/Screenshot_20240817-145036-740-300x149.png 300w, https:\/\/acrj.org.br\/wp-content\/uploads\/2024\/08\/Screenshot_20240817-145036-740-600x299.png 600w\" sizes=\"(max-width: 665px) 100vw, 665px\" \/><\/figure>\n","protected":false},"excerpt":{"rendered":"<p>O Conselho Empresarial de Log\u00edstica e Transporte da ACRJ recebeu, dia 15 de agosto, o vice-presidente Executivo da Associa\u00e7\u00e3o Brasileira das Empresas de Bens e&hellip;<\/p>\n","protected":false},"author":3,"featured_media":29807,"comment_status":"closed","ping_status":"closed","sticky":false,"template":"","format":"standard","meta":{"_exactmetrics_skip_tracking":false,"_exactmetrics_sitenote_active":false,"_exactmetrics_sitenote_note":"","_exactmetrics_sitenote_category":0,"footnotes":""},"categories":[56,10],"tags":[],"class_list":["post-29806","post","type-post","status-publish","format-standard","has-post-thumbnail","hentry","category-destaque_conselhos","category-noticias"],"_links":{"self":[{"href":"https:\/\/acrj.org.br\/index.php\/wp-json\/wp\/v2\/posts\/29806","targetHints":{"allow":["GET"]}}],"collection":[{"href":"https:\/\/acrj.org.br\/index.php\/wp-json\/wp\/v2\/posts"}],"about":[{"href":"https:\/\/acrj.org.br\/index.php\/wp-json\/wp\/v2\/types\/post"}],"author":[{"embeddable":true,"href":"https:\/\/acrj.org.br\/index.php\/wp-json\/wp\/v2\/users\/3"}],"replies":[{"embeddable":true,"href":"https:\/\/acrj.org.br\/index.php\/wp-json\/wp\/v2\/comments?post=29806"}],"version-history":[{"count":0,"href":"https:\/\/acrj.org.br\/index.php\/wp-json\/wp\/v2\/posts\/29806\/revisions"}],"wp:featuredmedia":[{"embeddable":true,"href":"https:\/\/acrj.org.br\/index.php\/wp-json\/wp\/v2\/media\/29807"}],"wp:attachment":[{"href":"https:\/\/acrj.org.br\/index.php\/wp-json\/wp\/v2\/media?parent=29806"}],"wp:term":[{"taxonomy":"category","embeddable":true,"href":"https:\/\/acrj.org.br\/index.php\/wp-json\/wp\/v2\/categories?post=29806"},{"taxonomy":"post_tag","embeddable":true,"href":"https:\/\/acrj.org.br\/index.php\/wp-json\/wp\/v2\/tags?post=29806"}],"curies":[{"name":"wp","href":"https:\/\/api.w.org\/{rel}","templated":true}]}}