{"id":2971,"date":"2018-01-23T13:20:00","date_gmt":"2018-01-23T15:20:00","guid":{"rendered":"http:\/\/acrj2020.profissional.ws\/?p=2971"},"modified":"2021-01-28T10:51:04","modified_gmt":"2021-01-28T13:51:04","slug":"acrj-promove-palestra-sobre-a-amazonia-azul-2","status":"publish","type":"post","link":"https:\/\/acrj.org.br\/index.php\/2018\/01\/23\/acrj-promove-palestra-sobre-a-amazonia-azul-2\/","title":{"rendered":"ACRJ promove palestra sobre a &#8216;Amaz\u00f4nia azul&#8217;"},"content":{"rendered":"\n<p>O Brasil possui uma \u00e1rea mar\u00edtima de, aproximadamente, 4,5 milh\u00f5es de km\u00b2. Al\u00e9m de ser a principal via de transporte do com\u00e9rcio exterior do Pa\u00eds, a chamada Amaz\u00f4nia Azul \u00e9 reconhecida por sua diversidade de recursos naturais, pela biodiversidade marinha, por suas reservas de petr\u00f3leo e g\u00e1s e outros recursos minerais, al\u00e9m de sua influ\u00eancia sobre o clima brasileiro.&nbsp;<\/p>\n\n\n\n<p>Na pr\u00f3xima segunda-feira (29\/01), a Associa\u00e7\u00e3o Comercial do Rio de Janeiro (ACRJ), promove palestra sobre o tema, durante a reuni\u00e3o do Conselho Diretor. O convidado \u00e9 o Comandante do 1\u00ba Distrito Naval, vice-almirante Cl\u00e1udio Portugal de Viveiros. O encontro acontece \u00e0s 11 horas, na Casa do Empres\u00e1rio. As inscri\u00e7\u00f5es s\u00e3o gratuitas e limitadas.&nbsp;<a href=\"https:\/\/docs.google.com\/forms\/d\/e\/1FAIpQLSdL12Dezr6pjkV9ZgSSMCG81TYNuevXouI1tJcYPwunipl0DQ\/viewform\" target=\"_blank\" rel=\"noreferrer noopener\">Clique aqui para realizar sua ades\u00e3o<\/a>.&nbsp;<\/p>\n\n\n\n<p>Servi\u00e7o<br>Reuni\u00e3o do Conselho Diretor &#8211; Amaz\u00f4nia Azul<br>Data: 29 de janeiro<br>Hor\u00e1rio: 11 horas<br>Local: ACRJ &#8211; Rua Candel\u00e1ria 9, Centro &#8211; RJ<br>Informa\u00e7\u00f5es: (21) 2514-1280 ou eventos@acrj.org.br<\/p>\n","protected":false},"excerpt":{"rendered":"<p>O Brasil possui uma \u00e1rea mar\u00edtima de, aproximadamente, 4,5 milh\u00f5es de km\u00b2. Al\u00e9m de ser a principal via de transporte do com\u00e9rcio exterior do Pa\u00eds,&hellip;<\/p>\n","protected":false},"author":1,"featured_media":2972,"comment_status":"closed","ping_status":"closed","sticky":false,"template":"","format":"standard","meta":{"_exactmetrics_skip_tracking":false,"_exactmetrics_sitenote_active":false,"_exactmetrics_sitenote_note":"","_exactmetrics_sitenote_category":0,"footnotes":""},"categories":[10],"tags":[],"class_list":["post-2971","post","type-post","status-publish","format-standard","has-post-thumbnail","hentry","category-noticias"],"_links":{"self":[{"href":"https:\/\/acrj.org.br\/index.php\/wp-json\/wp\/v2\/posts\/2971","targetHints":{"allow":["GET"]}}],"collection":[{"href":"https:\/\/acrj.org.br\/index.php\/wp-json\/wp\/v2\/posts"}],"about":[{"href":"https:\/\/acrj.org.br\/index.php\/wp-json\/wp\/v2\/types\/post"}],"author":[{"embeddable":true,"href":"https:\/\/acrj.org.br\/index.php\/wp-json\/wp\/v2\/users\/1"}],"replies":[{"embeddable":true,"href":"https:\/\/acrj.org.br\/index.php\/wp-json\/wp\/v2\/comments?post=2971"}],"version-history":[{"count":0,"href":"https:\/\/acrj.org.br\/index.php\/wp-json\/wp\/v2\/posts\/2971\/revisions"}],"wp:featuredmedia":[{"embeddable":true,"href":"https:\/\/acrj.org.br\/index.php\/wp-json\/wp\/v2\/media\/2972"}],"wp:attachment":[{"href":"https:\/\/acrj.org.br\/index.php\/wp-json\/wp\/v2\/media?parent=2971"}],"wp:term":[{"taxonomy":"category","embeddable":true,"href":"https:\/\/acrj.org.br\/index.php\/wp-json\/wp\/v2\/categories?post=2971"},{"taxonomy":"post_tag","embeddable":true,"href":"https:\/\/acrj.org.br\/index.php\/wp-json\/wp\/v2\/tags?post=2971"}],"curies":[{"name":"wp","href":"https:\/\/api.w.org\/{rel}","templated":true}]}}