{"id":29600,"date":"2024-08-10T09:08:11","date_gmt":"2024-08-10T12:08:11","guid":{"rendered":"https:\/\/acrj.org.br\/?p=29600"},"modified":"2025-09-16T15:10:43","modified_gmt":"2025-09-16T18:10:43","slug":"conselho-de-varejo-apresenta-armazem-do-grao-na-sessao-historia-das-marcas","status":"publish","type":"post","link":"https:\/\/acrj.org.br\/index.php\/2024\/08\/10\/conselho-de-varejo-apresenta-armazem-do-grao-na-sessao-historia-das-marcas\/","title":{"rendered":"Conselho de Varejo apresenta Armaz\u00e9m do Gr\u00e3o na sess\u00e3o \u201cHist\u00f3ria das Marcas&#8221;"},"content":{"rendered":"\n<p>O Conselho Empresarial de Varejo da ACRJ, reunido dia 9 de agosto, apresentou na sess\u00e3o \u201cHist\u00f3ria das Marcas\u201d a jornada de empreendedorismo e inova\u00e7\u00e3o do Armaz\u00e9m do Gr\u00e3o, empresa associada da ACRJ. O diretor presidente do Grupo, Antoane Corr\u00eaa, contou a hist\u00f3ria do surgimento da empresa familiar, criada em Petr\u00f3polis por seu pai e tios em 1986, que no in\u00edcio era a Panificadora Castrioto, at\u00e9 o processo de sucess\u00e3o que come\u00e7ou quando ele tinha 20 anos de idade.<\/p>\n\n\n\n<p>Em 2008 a fam\u00edlia criou um novo conceito de neg\u00f3cio lan\u00e7ando a marca Armaz\u00e9m do Gr\u00e3o, que hoje conta com 12 filiais em Petr\u00f3polis (8), Teres\u00f3polis (3) e no Rio de Janeiro (1), no bairro da Barra da Tijuca, al\u00e9m do Centro de Distribui\u00e7\u00e3o, E-commerce, Matriz Corporativa, Panificadora e Central de Produ\u00e7\u00e3o. Algumas das inova\u00e7\u00f5es da nova empresa foram a cria\u00e7\u00e3o da Universidade Corporativa, a instala\u00e7\u00e3o do atendimento self-service, a implanta\u00e7\u00e3o do cupom fiscal digital (cupom verde) e a amplia\u00e7\u00e3o do e-commerce, que ganhou for\u00e7a na \u00e9poca da pandemia. Conhe\u00e7a mais sobre a hist\u00f3ria da empresa <a href=\"https:\/\/acrj.org.br\/wp-content\/uploads\/2024\/08\/JORNADA-DE-EMPREENDEDORISMO-E-INOVACAO2.pdf\"><strong>aqui<\/strong><\/a>.<\/p>\n\n\n\n<p>Em outro item da pauta, o presidente do Conselho Juedir Teixeira, e o vice, Ricardo Guin\u00e2ncio, comentaram sobre a realiza\u00e7\u00e3o da 2\u00aa edi\u00e7\u00e3o do F\u00f3rum Rio Empreendedor, que acontecer\u00e1 dias 4, 5 e 6 de setembro, e a participa\u00e7\u00e3o de conselheiros debatendo o tema do varejo. Durante o evento tamb\u00e9m realizado o lan\u00e7amento do livro sobre Varejo,   produzido a partir de artigos de conselheiros.<\/p>\n\n\n\n<p>A iniciativa, segundo Juedir Teixeira, ser\u00e1 exportada para S\u00e3o Paulo, j\u00e1 que a Associa\u00e7\u00e3o Comercial paulista encomendou ao presidente do Conselho uma vers\u00e3o similar da publica\u00e7\u00e3o. &#8220;Em fun\u00e7\u00e3o desta experi\u00eancia aqui na ACRJ, levei a proposta para o presidente da Associa\u00e7\u00e3o Comercial de S\u00e3o Paulo, que foi aceita, e estamos produzindo um livro com o mesmo objetivo e como coautores empres\u00e1rios de S\u00e3o Paulo. Considero isso muito importante, uma importante iniciativa da Associa\u00e7\u00e3o Comercial do Rio ser levada e aplicada em S\u00e3o Paulo&#8221;, explicou Juedir, que tamb\u00e9m \u00e9 conselheiro na ACSP e coordenador do comit\u00ea estrat\u00e9gico.<\/p>\n\n\n\n<figure class=\"wp-block-image size-full\"><img fetchpriority=\"high\" decoding=\"async\" width=\"720\" height=\"326\" src=\"https:\/\/acrj.org.br\/wp-content\/uploads\/2024\/08\/IMG-20240810-WA0004.jpg\" alt=\"\" class=\"wp-image-29605\" srcset=\"https:\/\/acrj.org.br\/wp-content\/uploads\/2024\/08\/IMG-20240810-WA0004.jpg 720w, https:\/\/acrj.org.br\/wp-content\/uploads\/2024\/08\/IMG-20240810-WA0004-300x136.jpg 300w, https:\/\/acrj.org.br\/wp-content\/uploads\/2024\/08\/IMG-20240810-WA0004-600x272.jpg 600w\" sizes=\"(max-width: 720px) 100vw, 720px\" \/><\/figure>\n\n\n\n<figure class=\"wp-block-image size-full\"><img decoding=\"async\" width=\"669\" height=\"326\" src=\"https:\/\/acrj.org.br\/wp-content\/uploads\/2024\/08\/IMG-20240810-WA0003.jpg\" alt=\"\" class=\"wp-image-29604\" srcset=\"https:\/\/acrj.org.br\/wp-content\/uploads\/2024\/08\/IMG-20240810-WA0003.jpg 669w, https:\/\/acrj.org.br\/wp-content\/uploads\/2024\/08\/IMG-20240810-WA0003-300x146.jpg 300w, https:\/\/acrj.org.br\/wp-content\/uploads\/2024\/08\/IMG-20240810-WA0003-600x292.jpg 600w\" sizes=\"(max-width: 669px) 100vw, 669px\" \/><\/figure>\n\n\n\n<figure class=\"wp-block-image size-large\"><img decoding=\"async\" width=\"1024\" height=\"633\" src=\"https:\/\/acrj.org.br\/wp-content\/uploads\/2024\/08\/IMG_20240809_1022220273-1024x633.jpg\" alt=\"\" class=\"wp-image-29603\" srcset=\"https:\/\/acrj.org.br\/wp-content\/uploads\/2024\/08\/IMG_20240809_1022220273-1024x633.jpg 1024w, https:\/\/acrj.org.br\/wp-content\/uploads\/2024\/08\/IMG_20240809_1022220273-300x186.jpg 300w, https:\/\/acrj.org.br\/wp-content\/uploads\/2024\/08\/IMG_20240809_1022220273-768x475.jpg 768w, https:\/\/acrj.org.br\/wp-content\/uploads\/2024\/08\/IMG_20240809_1022220273-1536x950.jpg 1536w, https:\/\/acrj.org.br\/wp-content\/uploads\/2024\/08\/IMG_20240809_1022220273-2048x1267.jpg 2048w, https:\/\/acrj.org.br\/wp-content\/uploads\/2024\/08\/IMG_20240809_1022220273-600x371.jpg 600w\" sizes=\"(max-width: 1024px) 100vw, 1024px\" \/><figcaption class=\"wp-element-caption\">Juedir Teixeira (d.) e Ricardo Guinancio coordenaram a reuni\u00e3o<\/figcaption><\/figure>\n","protected":false},"excerpt":{"rendered":"<p>O Conselho Empresarial de Varejo da ACRJ, reunido dia 9 de agosto, apresentou na sess\u00e3o \u201cHist\u00f3ria das Marcas\u201d a jornada de empreendedorismo e inova\u00e7\u00e3o do&hellip;<\/p>\n","protected":false},"author":3,"featured_media":29602,"comment_status":"closed","ping_status":"closed","sticky":false,"template":"","format":"standard","meta":{"_exactmetrics_skip_tracking":false,"_exactmetrics_sitenote_active":false,"_exactmetrics_sitenote_note":"","_exactmetrics_sitenote_category":0,"footnotes":""},"categories":[56,10],"tags":[],"class_list":["post-29600","post","type-post","status-publish","format-standard","has-post-thumbnail","hentry","category-destaque_conselhos","category-noticias"],"_links":{"self":[{"href":"https:\/\/acrj.org.br\/index.php\/wp-json\/wp\/v2\/posts\/29600","targetHints":{"allow":["GET"]}}],"collection":[{"href":"https:\/\/acrj.org.br\/index.php\/wp-json\/wp\/v2\/posts"}],"about":[{"href":"https:\/\/acrj.org.br\/index.php\/wp-json\/wp\/v2\/types\/post"}],"author":[{"embeddable":true,"href":"https:\/\/acrj.org.br\/index.php\/wp-json\/wp\/v2\/users\/3"}],"replies":[{"embeddable":true,"href":"https:\/\/acrj.org.br\/index.php\/wp-json\/wp\/v2\/comments?post=29600"}],"version-history":[{"count":0,"href":"https:\/\/acrj.org.br\/index.php\/wp-json\/wp\/v2\/posts\/29600\/revisions"}],"wp:featuredmedia":[{"embeddable":true,"href":"https:\/\/acrj.org.br\/index.php\/wp-json\/wp\/v2\/media\/29602"}],"wp:attachment":[{"href":"https:\/\/acrj.org.br\/index.php\/wp-json\/wp\/v2\/media?parent=29600"}],"wp:term":[{"taxonomy":"category","embeddable":true,"href":"https:\/\/acrj.org.br\/index.php\/wp-json\/wp\/v2\/categories?post=29600"},{"taxonomy":"post_tag","embeddable":true,"href":"https:\/\/acrj.org.br\/index.php\/wp-json\/wp\/v2\/tags?post=29600"}],"curies":[{"name":"wp","href":"https:\/\/api.w.org\/{rel}","templated":true}]}}