{"id":29507,"date":"2024-08-06T12:54:31","date_gmt":"2024-08-06T15:54:31","guid":{"rendered":"https:\/\/acrj.org.br\/?p=29507"},"modified":"2024-11-12T15:41:22","modified_gmt":"2024-11-12T18:41:22","slug":"palestra-sobre-protagonimo-feminino","status":"publish","type":"post","link":"https:\/\/acrj.org.br\/index.php\/2024\/08\/06\/palestra-sobre-protagonimo-feminino\/","title":{"rendered":"Palestra sobre o protagonismo feminino"},"content":{"rendered":"\n<p>A ACRJ recebe, dia 14\/8, \u00e0s 10h, o diretor de Cinema e Teatro, Moacyr Goes, e as conselheiras Eliane Lustosa e Ana Maria Horta Veloso, para um encontro promovido pelo Conselho Empresarial da Mulher.<br>O debate \u00e9 sobre o protagonismo feminino do ponto de vista corporativo e sob a perspectiva da arte. A moderadora ser\u00e1 a integrante do Conselho da Mulher, Paula Magalh\u00e3es.<\/p>\n\n\n\n<p>O encontro \u00e9 gratuito, mediante inscri\u00e7\u00e3o pr\u00e9via.<br><strong><a href=\"https:\/\/forms.gle\/exeEeJMe3xtxWoZh6\">Acesse aqui<\/a><\/strong> para se inscrever <\/p>\n\n\n\n<p><strong>SERVI\u00c7O<\/strong><\/p>\n\n\n\n<p>&#x1f5d3;&#xfe0f; <strong>Data<\/strong>: 14\/8\/2024<br>&#x1f552; <strong>Hor\u00e1rio<\/strong>: 10 horas<br>&#x1f3e2; <strong>Local<\/strong>: Sede da Associa\u00e7\u00e3o Comercial do RJ &#8211; ACRJ &#8211; Rua Candel\u00e1ria, 9\/12\u00ba andar &#8211; Centro &#8211; RJ<br>&#x260e; <strong>Informa\u00e7\u00f5es<\/strong>: 2514-1203<\/p>\n","protected":false},"excerpt":{"rendered":"<p>A ACRJ recebe, dia 14\/8, \u00e0s 10h, o diretor de Cinema e Teatro, Moacyr Goes, e as conselheiras Eliane Lustosa e Ana Maria Horta Veloso,&hellip;<\/p>\n","protected":false},"author":3,"featured_media":29508,"comment_status":"closed","ping_status":"closed","sticky":false,"template":"","format":"standard","meta":{"_exactmetrics_skip_tracking":false,"_exactmetrics_sitenote_active":false,"_exactmetrics_sitenote_note":"","_exactmetrics_sitenote_category":0,"footnotes":""},"categories":[55,83],"tags":[],"class_list":["post-29507","post","type-post","status-publish","format-standard","has-post-thumbnail","hentry","category-destaque_eventos","category-eventos_acrj"],"_links":{"self":[{"href":"https:\/\/acrj.org.br\/index.php\/wp-json\/wp\/v2\/posts\/29507","targetHints":{"allow":["GET"]}}],"collection":[{"href":"https:\/\/acrj.org.br\/index.php\/wp-json\/wp\/v2\/posts"}],"about":[{"href":"https:\/\/acrj.org.br\/index.php\/wp-json\/wp\/v2\/types\/post"}],"author":[{"embeddable":true,"href":"https:\/\/acrj.org.br\/index.php\/wp-json\/wp\/v2\/users\/3"}],"replies":[{"embeddable":true,"href":"https:\/\/acrj.org.br\/index.php\/wp-json\/wp\/v2\/comments?post=29507"}],"version-history":[{"count":0,"href":"https:\/\/acrj.org.br\/index.php\/wp-json\/wp\/v2\/posts\/29507\/revisions"}],"wp:featuredmedia":[{"embeddable":true,"href":"https:\/\/acrj.org.br\/index.php\/wp-json\/wp\/v2\/media\/29508"}],"wp:attachment":[{"href":"https:\/\/acrj.org.br\/index.php\/wp-json\/wp\/v2\/media?parent=29507"}],"wp:term":[{"taxonomy":"category","embeddable":true,"href":"https:\/\/acrj.org.br\/index.php\/wp-json\/wp\/v2\/categories?post=29507"},{"taxonomy":"post_tag","embeddable":true,"href":"https:\/\/acrj.org.br\/index.php\/wp-json\/wp\/v2\/tags?post=29507"}],"curies":[{"name":"wp","href":"https:\/\/api.w.org\/{rel}","templated":true}]}}