{"id":29477,"date":"2024-08-05T17:21:06","date_gmt":"2024-08-05T20:21:06","guid":{"rendered":"https:\/\/acrj.org.br\/?p=29477"},"modified":"2024-08-16T13:52:44","modified_gmt":"2024-08-16T16:52:44","slug":"acrj-participa-do-lancamento-do-indice-brasil-de-inovacao-e-desenvolvimento-na-sede-do-inpi","status":"publish","type":"post","link":"https:\/\/acrj.org.br\/index.php\/2024\/08\/05\/acrj-participa-do-lancamento-do-indice-brasil-de-inovacao-e-desenvolvimento-na-sede-do-inpi\/","title":{"rendered":"ACRJ participa do lan\u00e7amento do \u00cdndice Brasil de Inova\u00e7\u00e3o e Desenvolvimento no INPI"},"content":{"rendered":"\n<p>O presidente da ACRJ, Josier Vilar, participou, nesta 2\u00aa feira (5\/8), na sede do Instituto Nacional da Propriedade Industrial (INPI), do lan\u00e7amento do \u00cdndice Brasil de Inova\u00e7\u00e3o e Desenvolvimento (IBDI), referente a 2024. Esta \u00e9 a 1\u00aa edi\u00e7\u00e3o do \u00cdndice que apresenta um mapa completo e atual da inova\u00e7\u00e3o no Brasil, apontando o desempenho dos ecossistemas locais de ci\u00eancia, tecnologia e inova\u00e7\u00e3o (CT&amp;I) de todos estados brasileiros sob diferentes perspectivas.<\/p>\n\n\n\n<p>De acordo com os dados desta primeira edi\u00e7\u00e3o do IBID, as cinco economias mais inovadoras do Brasil s\u00e3o: S\u00e3o Paulo (0,891), Santa Catarina (0,415), Paran\u00e1 (0,406), Rio de Janeiro (0,402) e Rio Grande do Sul (0,401). A m\u00e9dia nacional \u00e9 de 0,291.&nbsp;<\/p>\n\n\n\n<p>De acordo com o economista-chefe do INPI, Rodrigo Ventura, que apresentou os resultados do IBDI durante a reuni\u00e3o, o objetivo do \u00cdndice \u00e9 identificar potencialidades e desafios para a inova\u00e7\u00e3o sob uma \u00f3tica regional, contribuindo para orientar pol\u00edticas p\u00fablicas e estrat\u00e9gias corporativas nessa \u00e1rea.<\/p>\n\n\n\n<p>O IBID foi desenvolvido com base na metodologia do \u00cdndice Global de Inova\u00e7\u00e3o (IGI), da Organiza\u00e7\u00e3o Mundial da Propriedade Intelectual (OMPI), e agrega 74 indicadores estat\u00edsticos coletados junto a fontes oficiais e\/ou dispon\u00edveis publicamente. O levantamento foi distribu\u00eddo em sete pilares (institui\u00e7\u00f5es, capital humano, infraestrutura, economia, neg\u00f3cios, conhecimento e tecnologia e economia criativa), subdividido em 21 dimens\u00f5es, como cr\u00e9dito, investimentos, educa\u00e7\u00e3o, ambiente regulat\u00f3rio, sustentabilidade, cria\u00e7\u00e3o de conhecimento, ativos intang\u00edveis, entre outros.<\/p>\n\n\n\n<p>O evento, uma iniciativa do INPI, com o apoio da Organiza\u00e7\u00e3o Mundial da Propriedade Intelectual \u2013 OMPI, contou com a presen\u00e7a do presidente do INPI, J\u00falio C\u00e9sar Moreira, do deputado federal J\u00falio Lopes; e do assessor da diretoria executiva do Instituto, Reinaldo Paes Barreto, que tamb\u00e9m \u00e9 conselheiro da ACRJ.<\/p>\n\n\n\n<p>O trabalho completo pode ser <strong><a href=\"https:\/\/www.gov.br\/inpi\/pt-br\/inpi-data\/estudos\/indice-brasil-de-inovacao-e-desenvolvimento-ibid\/IBID_2024_PT.BRfinal.pdf\/\">acessado aqui<\/a><\/strong><\/p>\n\n\n\n<p>Fotos: ACRJ e INPI<\/p>\n\n\n\n<figure class=\"wp-block-image size-large is-resized\"><img fetchpriority=\"high\" decoding=\"async\" width=\"1024\" height=\"880\" src=\"https:\/\/acrj.org.br\/wp-content\/uploads\/2024\/08\/josier-e-julio-1024x880.jpg\" alt=\"\" class=\"wp-image-29479\" style=\"width:360px\" srcset=\"https:\/\/acrj.org.br\/wp-content\/uploads\/2024\/08\/josier-e-julio-1024x880.jpg 1024w, https:\/\/acrj.org.br\/wp-content\/uploads\/2024\/08\/josier-e-julio-300x258.jpg 300w, https:\/\/acrj.org.br\/wp-content\/uploads\/2024\/08\/josier-e-julio-768x660.jpg 768w, https:\/\/acrj.org.br\/wp-content\/uploads\/2024\/08\/josier-e-julio-1536x1320.jpg 1536w, https:\/\/acrj.org.br\/wp-content\/uploads\/2024\/08\/josier-e-julio-2048x1760.jpg 2048w, https:\/\/acrj.org.br\/wp-content\/uploads\/2024\/08\/josier-e-julio-600x516.jpg 600w\" sizes=\"(max-width: 1024px) 100vw, 1024px\" \/><figcaption class=\"wp-element-caption\">Josier Vilar e o presidente do INPI, Julio C\u00e9sar Moreira<\/figcaption><\/figure>\n\n\n\n<figure class=\"wp-block-image size-large is-resized\"><img decoding=\"async\" width=\"1024\" height=\"683\" src=\"https:\/\/acrj.org.br\/wp-content\/uploads\/2024\/08\/foto-inpi-1024x683.jpeg\" alt=\"\" class=\"wp-image-29480\" style=\"width:360px\" srcset=\"https:\/\/acrj.org.br\/wp-content\/uploads\/2024\/08\/foto-inpi-1024x683.jpeg 1024w, https:\/\/acrj.org.br\/wp-content\/uploads\/2024\/08\/foto-inpi-300x200.jpeg 300w, https:\/\/acrj.org.br\/wp-content\/uploads\/2024\/08\/foto-inpi-768x512.jpeg 768w, https:\/\/acrj.org.br\/wp-content\/uploads\/2024\/08\/foto-inpi-600x400.jpeg 600w, https:\/\/acrj.org.br\/wp-content\/uploads\/2024\/08\/foto-inpi.jpeg 1500w\" sizes=\"(max-width: 1024px) 100vw, 1024px\" \/><figcaption class=\"wp-element-caption\">Participantes da reuni\u00e3o de lan\u00e7amento do IBDI<\/figcaption><\/figure>\n\n\n\n<p><\/p>\n\n\n\n<p><em>Texto produzido com dados do site do INPI<\/em><\/p>\n","protected":false},"excerpt":{"rendered":"<p>O presidente da ACRJ, Josier Vilar, participou, nesta 2\u00aa feira (5\/8), na sede do Instituto Nacional da Propriedade Industrial (INPI), do lan\u00e7amento do \u00cdndice Brasil&hellip;<\/p>\n","protected":false},"author":3,"featured_media":29478,"comment_status":"closed","ping_status":"closed","sticky":false,"template":"","format":"standard","meta":{"_exactmetrics_skip_tracking":false,"_exactmetrics_sitenote_active":false,"_exactmetrics_sitenote_note":"","_exactmetrics_sitenote_category":0,"footnotes":""},"categories":[6],"tags":[],"class_list":["post-29477","post","type-post","status-publish","format-standard","has-post-thumbnail","hentry","category-destaque_noticias"],"_links":{"self":[{"href":"https:\/\/acrj.org.br\/index.php\/wp-json\/wp\/v2\/posts\/29477","targetHints":{"allow":["GET"]}}],"collection":[{"href":"https:\/\/acrj.org.br\/index.php\/wp-json\/wp\/v2\/posts"}],"about":[{"href":"https:\/\/acrj.org.br\/index.php\/wp-json\/wp\/v2\/types\/post"}],"author":[{"embeddable":true,"href":"https:\/\/acrj.org.br\/index.php\/wp-json\/wp\/v2\/users\/3"}],"replies":[{"embeddable":true,"href":"https:\/\/acrj.org.br\/index.php\/wp-json\/wp\/v2\/comments?post=29477"}],"version-history":[{"count":0,"href":"https:\/\/acrj.org.br\/index.php\/wp-json\/wp\/v2\/posts\/29477\/revisions"}],"wp:featuredmedia":[{"embeddable":true,"href":"https:\/\/acrj.org.br\/index.php\/wp-json\/wp\/v2\/media\/29478"}],"wp:attachment":[{"href":"https:\/\/acrj.org.br\/index.php\/wp-json\/wp\/v2\/media?parent=29477"}],"wp:term":[{"taxonomy":"category","embeddable":true,"href":"https:\/\/acrj.org.br\/index.php\/wp-json\/wp\/v2\/categories?post=29477"},{"taxonomy":"post_tag","embeddable":true,"href":"https:\/\/acrj.org.br\/index.php\/wp-json\/wp\/v2\/tags?post=29477"}],"curies":[{"name":"wp","href":"https:\/\/api.w.org\/{rel}","templated":true}]}}