{"id":2942,"date":"2018-02-06T15:08:00","date_gmt":"2018-02-06T17:08:00","guid":{"rendered":"http:\/\/acrj2020.profissional.ws\/?p=2942"},"modified":"2021-01-28T10:58:11","modified_gmt":"2021-01-28T13:58:11","slug":"humberto-mota-parabeniza-octavio-lazari-pela-indicacao-a-presidencia-do-bradesco","status":"publish","type":"post","link":"https:\/\/acrj.org.br\/index.php\/2018\/02\/06\/humberto-mota-parabeniza-octavio-lazari-pela-indicacao-a-presidencia-do-bradesco\/","title":{"rendered":"Humberto Mota parabeniza Octavio Lazari pela indica\u00e7\u00e3o \u00e0 presid\u00eancia do Bradesco"},"content":{"rendered":"\n<p>Prezado Oct\u00e1vio de Lazari Junior,<\/p>\n\n\n\n<p>Em meu nome pessoal e no do Conselho Superior da Associa\u00e7\u00e3o Comercial do Rio de Janeiro, com especial abra\u00e7o, cumprimentamos e formulamos votos de sucesso ao caro amigo nesse momento em que \u00e9 indicado para a Presid\u00eancia do Bradesco.<\/p>\n\n\n\n<p>Sua vitoriosa biografia \u00e9 garantia de novos e continuados \u00eaxitos \u00e0 frente da Presid\u00eancia do Bradesco, a qual exercer\u00e1, conjuntamente, com a Presid\u00eancia da Bradesco Seguros, mantendo a tradi\u00e7\u00e3o de seriedade, pioneirismo, vis\u00e3o de futuro e compromisso com o Brasil implantada pelo saudoso Amador Aguiar e seguida pelo Dr. L\u00e1zaro de Mello Brand\u00e3o e Luiz Carlos Trabuco Cappi.<\/p>\n\n\n\n<p>Rogamos a Deus, por intercess\u00e3o de S\u00e3o Judas Tadeu e Nossa Senhora Aparecida, que continuem lhe aben\u00e7oando e protegendo nessa nova e t\u00e3o importante etapa de sua vida.<\/p>\n\n\n\n<p class=\"has-text-align-right has-medium-font-size\"><strong>Humberto E. C. Mota<\/strong><br>Presidente do Conselho Superior da ACRJ<\/p>\n","protected":false},"excerpt":{"rendered":"<p>Prezado Oct\u00e1vio de Lazari Junior, Em meu nome pessoal e no do Conselho Superior da Associa\u00e7\u00e3o Comercial do Rio de Janeiro, com especial abra\u00e7o, cumprimentamos&hellip;<\/p>\n","protected":false},"author":1,"featured_media":2943,"comment_status":"closed","ping_status":"closed","sticky":false,"template":"","format":"standard","meta":{"_exactmetrics_skip_tracking":false,"_exactmetrics_sitenote_active":false,"_exactmetrics_sitenote_note":"","_exactmetrics_sitenote_category":0,"footnotes":""},"categories":[10],"tags":[],"class_list":["post-2942","post","type-post","status-publish","format-standard","has-post-thumbnail","hentry","category-noticias"],"_links":{"self":[{"href":"https:\/\/acrj.org.br\/index.php\/wp-json\/wp\/v2\/posts\/2942","targetHints":{"allow":["GET"]}}],"collection":[{"href":"https:\/\/acrj.org.br\/index.php\/wp-json\/wp\/v2\/posts"}],"about":[{"href":"https:\/\/acrj.org.br\/index.php\/wp-json\/wp\/v2\/types\/post"}],"author":[{"embeddable":true,"href":"https:\/\/acrj.org.br\/index.php\/wp-json\/wp\/v2\/users\/1"}],"replies":[{"embeddable":true,"href":"https:\/\/acrj.org.br\/index.php\/wp-json\/wp\/v2\/comments?post=2942"}],"version-history":[{"count":0,"href":"https:\/\/acrj.org.br\/index.php\/wp-json\/wp\/v2\/posts\/2942\/revisions"}],"wp:featuredmedia":[{"embeddable":true,"href":"https:\/\/acrj.org.br\/index.php\/wp-json\/wp\/v2\/media\/2943"}],"wp:attachment":[{"href":"https:\/\/acrj.org.br\/index.php\/wp-json\/wp\/v2\/media?parent=2942"}],"wp:term":[{"taxonomy":"category","embeddable":true,"href":"https:\/\/acrj.org.br\/index.php\/wp-json\/wp\/v2\/categories?post=2942"},{"taxonomy":"post_tag","embeddable":true,"href":"https:\/\/acrj.org.br\/index.php\/wp-json\/wp\/v2\/tags?post=2942"}],"curies":[{"name":"wp","href":"https:\/\/api.w.org\/{rel}","templated":true}]}}