{"id":29332,"date":"2024-07-31T17:14:50","date_gmt":"2024-07-31T20:14:50","guid":{"rendered":"https:\/\/acrj.org.br\/?p=29332"},"modified":"2024-08-16T13:53:24","modified_gmt":"2024-08-16T16:53:24","slug":"conselho-de-inovacao-anuncia-a-realizacao-de-projeto-que-vai-reunir-empresas-associadas-e-startups","status":"publish","type":"post","link":"https:\/\/acrj.org.br\/index.php\/2024\/07\/31\/conselho-de-inovacao-anuncia-a-realizacao-de-projeto-que-vai-reunir-empresas-associadas-e-startups\/","title":{"rendered":"Conselho de Inova\u00e7\u00e3o anuncia a realiza\u00e7\u00e3o de projeto que vai reunir empresas associadas e startups"},"content":{"rendered":"\n<p>O presidente do Conselho Empresarial de Inova\u00e7\u00e3o, Transforma\u00e7\u00e3o Digital e Tecnologia da ACRJ, Julio Urdangarin, apresentou, durante a reuni\u00e3o mensal no dia 31\/7, a proposta de cria\u00e7\u00e3o do projeto \u201cJornada de Inova\u00e7\u00e3o\u201d que reunir\u00e1 empresas associadas e startups. \u201cA proposta \u00e9 que 20 empresas associadas participem de uma Jornada de Inova\u00e7\u00e3o, passando por todo o processo de identifica\u00e7\u00e3o de problemas, transforma\u00e7\u00e3o do problema em desafio, sele\u00e7\u00e3o de startups, mentorias e treinamentos\u201d, explicou o presidente do Conselho.<\/p>\n\n\n\n<p>Segundo ele, o formato, o custo e as condi\u00e7\u00f5es de participa\u00e7\u00e3o ainda ser\u00e3o definidos, mas a ideia \u00e9 que as startups trabalhem na solu\u00e7\u00e3o de quatro ou cinco desafios para as empresas que apresentarem a demanda durante a Jornada. \u201cA partir da\u00ed, se a solu\u00e7\u00e3o apresentada puder ter sua efic\u00e1cia comprovada, a empresa poder\u00e1 contratar o servi\u00e7o atrav\u00e9s da Associa\u00e7\u00e3o Comercial\u201d, disse. Para viabilizar o projeto ele informou que o Conselho ir\u00e1 buscar patroc\u00ednio e prop\u00f4s o lan\u00e7amento da \u201cI Jornada de Inova\u00e7\u00e3o\u201d durante a segunda edi\u00e7\u00e3o do F\u00f3rum Rio Empreendedor, que ser\u00e1 realizada dias 4, 5 e 6 de setembro, na sede da ACRJ.<\/p>\n\n\n\n<p>Outros assuntos debatidos durante a reuni\u00e3o foram a aproxima\u00e7\u00e3o entre os Conselhos Empresariais da ACRJ, tema que j\u00e1 est\u00e1 na pauta do Conselho de Inova\u00e7\u00e3o e foi refor\u00e7ada durante o encontro promovido pelo presidente da ACRJ, Josier Vilar, e a forma\u00e7\u00e3o de m\u00e3o de obra e treinamento de profissionais do setor de tecnologia. Estes \u00faltimos, como informou Julio Urdangarin, poder\u00e3o contar com a parceria da Assespro-RJ, a Associa\u00e7\u00e3o Empresarial do Segmento de Tecnologia, Inova\u00e7\u00e3o e Empreendedorismo.<\/p>\n\n\n\n<figure class=\"wp-block-image size-large is-resized\"><img fetchpriority=\"high\" decoding=\"async\" width=\"1024\" height=\"494\" src=\"https:\/\/acrj.org.br\/wp-content\/uploads\/2024\/07\/mesa2-1024x494.jpg\" alt=\"\" class=\"wp-image-29340\" style=\"width:360px\" srcset=\"https:\/\/acrj.org.br\/wp-content\/uploads\/2024\/07\/mesa2-1024x494.jpg 1024w, https:\/\/acrj.org.br\/wp-content\/uploads\/2024\/07\/mesa2-300x145.jpg 300w, https:\/\/acrj.org.br\/wp-content\/uploads\/2024\/07\/mesa2-768x370.jpg 768w, https:\/\/acrj.org.br\/wp-content\/uploads\/2024\/07\/mesa2-1536x741.jpg 1536w, https:\/\/acrj.org.br\/wp-content\/uploads\/2024\/07\/mesa2-600x289.jpg 600w, https:\/\/acrj.org.br\/wp-content\/uploads\/2024\/07\/mesa2.jpg 1866w\" sizes=\"(max-width: 1024px) 100vw, 1024px\" \/><\/figure>\n\n\n\n<figure class=\"wp-block-image size-large is-resized\"><img decoding=\"async\" width=\"1024\" height=\"461\" src=\"https:\/\/acrj.org.br\/wp-content\/uploads\/2024\/07\/mesa-1-1-1024x461.jpg\" alt=\"\" class=\"wp-image-29341\" style=\"width:360px\" srcset=\"https:\/\/acrj.org.br\/wp-content\/uploads\/2024\/07\/mesa-1-1-1024x461.jpg 1024w, https:\/\/acrj.org.br\/wp-content\/uploads\/2024\/07\/mesa-1-1-300x135.jpg 300w, https:\/\/acrj.org.br\/wp-content\/uploads\/2024\/07\/mesa-1-1-768x346.jpg 768w, https:\/\/acrj.org.br\/wp-content\/uploads\/2024\/07\/mesa-1-1-1536x691.jpg 1536w, https:\/\/acrj.org.br\/wp-content\/uploads\/2024\/07\/mesa-1-1-600x270.jpg 600w, https:\/\/acrj.org.br\/wp-content\/uploads\/2024\/07\/mesa-1-1.jpg 2000w\" sizes=\"(max-width: 1024px) 100vw, 1024px\" \/><\/figure>\n","protected":false},"excerpt":{"rendered":"<p>O presidente do Conselho Empresarial de Inova\u00e7\u00e3o, Transforma\u00e7\u00e3o Digital e Tecnologia da ACRJ, Julio Urdangarin, apresentou, durante a reuni\u00e3o mensal no dia 31\/7, a proposta&hellip;<\/p>\n","protected":false},"author":3,"featured_media":29339,"comment_status":"closed","ping_status":"closed","sticky":false,"template":"","format":"standard","meta":{"_exactmetrics_skip_tracking":false,"_exactmetrics_sitenote_active":false,"_exactmetrics_sitenote_note":"","_exactmetrics_sitenote_category":0,"footnotes":""},"categories":[56],"tags":[],"class_list":["post-29332","post","type-post","status-publish","format-standard","has-post-thumbnail","hentry","category-destaque_conselhos"],"_links":{"self":[{"href":"https:\/\/acrj.org.br\/index.php\/wp-json\/wp\/v2\/posts\/29332","targetHints":{"allow":["GET"]}}],"collection":[{"href":"https:\/\/acrj.org.br\/index.php\/wp-json\/wp\/v2\/posts"}],"about":[{"href":"https:\/\/acrj.org.br\/index.php\/wp-json\/wp\/v2\/types\/post"}],"author":[{"embeddable":true,"href":"https:\/\/acrj.org.br\/index.php\/wp-json\/wp\/v2\/users\/3"}],"replies":[{"embeddable":true,"href":"https:\/\/acrj.org.br\/index.php\/wp-json\/wp\/v2\/comments?post=29332"}],"version-history":[{"count":0,"href":"https:\/\/acrj.org.br\/index.php\/wp-json\/wp\/v2\/posts\/29332\/revisions"}],"wp:featuredmedia":[{"embeddable":true,"href":"https:\/\/acrj.org.br\/index.php\/wp-json\/wp\/v2\/media\/29339"}],"wp:attachment":[{"href":"https:\/\/acrj.org.br\/index.php\/wp-json\/wp\/v2\/media?parent=29332"}],"wp:term":[{"taxonomy":"category","embeddable":true,"href":"https:\/\/acrj.org.br\/index.php\/wp-json\/wp\/v2\/categories?post=29332"},{"taxonomy":"post_tag","embeddable":true,"href":"https:\/\/acrj.org.br\/index.php\/wp-json\/wp\/v2\/tags?post=29332"}],"curies":[{"name":"wp","href":"https:\/\/api.w.org\/{rel}","templated":true}]}}