{"id":2933,"date":"2018-02-22T15:03:00","date_gmt":"2018-02-22T18:03:00","guid":{"rendered":"http:\/\/acrj2020.profissional.ws\/?p=2933"},"modified":"2021-01-28T10:58:11","modified_gmt":"2021-01-28T13:58:11","slug":"ex-ministro-ressalta-importancia-das-eleicoes-no-cenario-economico","status":"publish","type":"post","link":"https:\/\/acrj.org.br\/index.php\/2018\/02\/22\/ex-ministro-ressalta-importancia-das-eleicoes-no-cenario-economico\/","title":{"rendered":"Ex-ministro ressalta import\u00e2ncia das elei\u00e7\u00f5es no cen\u00e1rio econ\u00f4mico"},"content":{"rendered":"\n<p>O ex-ministro da Economia, Fazenda e Planejamento e presidente do Conselho Empresarial de Pol\u00edticas Econ\u00f4micas da ACRJ, Marc\u00edlio Marques Moreira, exaltou o momento econ\u00f4mico brasileiro e afirmou que as elei\u00e7\u00f5es 2018 ser\u00e3o ponto crucial para os pr\u00f3ximos anos. &#8220;N\u00f3s entramos em um ciclo econ\u00f4mico positivo depois de um bom tempo de recess\u00e3o. As elei\u00e7\u00f5es deste ano v\u00e3o determinar se teremos uma continuidade. Est\u00e1 em nossas m\u00e3os&#8221;, afirma Marques Moreira.&nbsp;<\/p>\n\n\n\n<p>Segundo ele, o ainda conturbado cen\u00e1rio pol\u00edtico n\u00e3o tem afetado na economia de forma decisiva. O ex-ministro disse, durante a reuni\u00e3o realizada hoje (22), que alguns setores como o da constru\u00e7\u00e3o n\u00e3o demonstraram crescimento ainda, mas o cen\u00e1rio para uma melhora \u00e9 prov\u00e1vel.&nbsp;<\/p>\n\n\n\n<p>Marc\u00edlio ressaltou as proje\u00e7\u00f5es de crescimento feitas economistas e entidades que fica entre 3% a 4%. De acordo com Marques Moreira, um dos motivos \u00e9 o crescimento da economia mundial. Dados do Banco Central e do Fundo Monet\u00e1rio Internacional (FMI) indicam que, dentre os 140 pa\u00edses estudados, os \u00fanicos que v\u00e3o registrar recess\u00e3o s\u00e3o Venezuela e Guinea Equatorial. &#8220;Isso \u00e9 importante para o Brasil, porque, como j\u00e1 demonstrado em 2017, as nossas exporta\u00e7\u00f5es e importa\u00e7\u00f5es cresceram. Al\u00e9m disso, tivemos o aumento de capital estrangeiro investido. Esse clima internacional \u00e9 muito relevante, pois nos afeta diretamente&#8221;, ressalta o presidente do CE de Pol\u00edticas Econ\u00f4micas.\u00a0<\/p>\n\n\n\n<p class=\"has-text-align-right has-medium-font-size\"><strong> Lucas Farizel <\/strong><\/p>\n","protected":false},"excerpt":{"rendered":"<p>O ex-ministro da Economia, Fazenda e Planejamento e presidente do Conselho Empresarial de Pol\u00edticas Econ\u00f4micas da ACRJ, Marc\u00edlio Marques Moreira, exaltou o momento econ\u00f4mico brasileiro&hellip;<\/p>\n","protected":false},"author":1,"featured_media":2934,"comment_status":"closed","ping_status":"closed","sticky":false,"template":"","format":"standard","meta":{"_exactmetrics_skip_tracking":false,"_exactmetrics_sitenote_active":false,"_exactmetrics_sitenote_note":"","_exactmetrics_sitenote_category":0,"footnotes":""},"categories":[10],"tags":[],"class_list":["post-2933","post","type-post","status-publish","format-standard","has-post-thumbnail","hentry","category-noticias"],"_links":{"self":[{"href":"https:\/\/acrj.org.br\/index.php\/wp-json\/wp\/v2\/posts\/2933","targetHints":{"allow":["GET"]}}],"collection":[{"href":"https:\/\/acrj.org.br\/index.php\/wp-json\/wp\/v2\/posts"}],"about":[{"href":"https:\/\/acrj.org.br\/index.php\/wp-json\/wp\/v2\/types\/post"}],"author":[{"embeddable":true,"href":"https:\/\/acrj.org.br\/index.php\/wp-json\/wp\/v2\/users\/1"}],"replies":[{"embeddable":true,"href":"https:\/\/acrj.org.br\/index.php\/wp-json\/wp\/v2\/comments?post=2933"}],"version-history":[{"count":0,"href":"https:\/\/acrj.org.br\/index.php\/wp-json\/wp\/v2\/posts\/2933\/revisions"}],"wp:featuredmedia":[{"embeddable":true,"href":"https:\/\/acrj.org.br\/index.php\/wp-json\/wp\/v2\/media\/2934"}],"wp:attachment":[{"href":"https:\/\/acrj.org.br\/index.php\/wp-json\/wp\/v2\/media?parent=2933"}],"wp:term":[{"taxonomy":"category","embeddable":true,"href":"https:\/\/acrj.org.br\/index.php\/wp-json\/wp\/v2\/categories?post=2933"},{"taxonomy":"post_tag","embeddable":true,"href":"https:\/\/acrj.org.br\/index.php\/wp-json\/wp\/v2\/tags?post=2933"}],"curies":[{"name":"wp","href":"https:\/\/api.w.org\/{rel}","templated":true}]}}