{"id":2927,"date":"2018-03-01T14:00:00","date_gmt":"2018-03-01T17:00:00","guid":{"rendered":"http:\/\/acrj2020.profissional.ws\/?p=2927"},"modified":"2021-01-28T10:58:11","modified_gmt":"2021-01-28T13:58:11","slug":"conselho-empresarial-de-energia-clipping","status":"publish","type":"post","link":"https:\/\/acrj.org.br\/index.php\/2018\/03\/01\/conselho-empresarial-de-energia-clipping\/","title":{"rendered":"Conselho Empresarial de Energia &#8211; Clipping"},"content":{"rendered":"\n<p>A Empresa de Pesquisa Energ\u00e9tica (EPE) prev\u00ea concluir no segundo semestre o Plano Nacional de Energia (PNE) 2050, afirmou na tarde desta ter\u00e7a-feira (27) o presidente da companhia, Luiz Augusto Barroso. O documento incluir\u00e1 as diretrizes estrat\u00e9gicas para a expans\u00e3o de energia do pa\u00eds para as pr\u00f3ximas d\u00e9cadas. &#8220;Estamos trabalhando na conclus\u00e3o do PNE 2050&#8221;, afirmou o executivo, durante palestra na Associa\u00e7\u00e3o Comercial do Rio de Janeiro (ACRJ).&nbsp;<\/p>\n\n\n\n<p>Ele n\u00e3o deu indica\u00e7\u00f5es de quanto espera de expans\u00e3o de oferta por fonte de energia, mas disse que &#8220;o Brasil n\u00e3o tem condi\u00e7\u00f5es de prescindir de nenhuma fonte&#8221;. Questionado pela plateia sobre a inclus\u00e3o da fonte nuclear no plano, Barroso afirmou que &#8220;no PNE 2050, pelos estudos preliminares, nuclear ter\u00e1 um espa\u00e7o, sim&#8221;. Sobre a retomada da constru\u00e7\u00e3o da usina nuclear de Angra 3, cujas obras est\u00e3o paralisadas desde setembro de 2015, Barroso afirmou que a continuidade do projeto &#8220;\u00e9 uma decis\u00e3o que vai ser tomada no \u00e2mbito do CNPE [Conselho Nacional de Pol\u00edtica Energ\u00e9tica]&#8221;.<\/p>\n\n\n\n<p>O executivo n\u00e3o informou qual o volume de energia ser\u00e1 necess\u00e1rio para garantir o atendimento da demanda futura. Falando em grandes n\u00fameros, Barroso explicou que o Brasil necessita de cerca de 4 mil megawatts (MW) novos por ano, o que resultaria em uma necessidade de mais de 120 mil MW at\u00e9 2050. Barroso contou ainda que o pr\u00f3ximo leil\u00e3o de energia nova do tipo &#8220;A-6&#8221;, que contratar\u00e1 energia de novos empreendimentos com in\u00edcio de fornecimento para 2024, deve ser realizado entre maio e agosto deste ano.<\/p>\n\n\n\n<p><strong>Rodrigo Polito &#8211; Valor Econ\u00f4mico<\/strong><br><a href=\"http:\/\/www.valor.com.br\/brasil\/5350731\/epe-plano-de-energia-2050-sera-concluido-no-2-semestre\" target=\"_blank\" rel=\"noreferrer noopener\">http:\/\/www.valor.com.br\/brasil\/5350731\/epe-plano-de-energia-2050-sera-concluido-no-2-semestre<\/a><\/p>\n\n\n\n<p><strong>Veja mais mat\u00e9rias em:<\/strong><\/p>\n\n\n\n<p><strong>Valor Econ\u00f4mico:<\/strong>&nbsp;<a href=\"http:\/\/www.valor.com.br\/empresas\/5350495\/ons-chuvas-garantem-abastecimento-para-os-proximos-5-anos\" target=\"_blank\" rel=\"noreferrer noopener\">http:\/\/www.valor.com.br\/empresas\/5350495\/ons-chuvas-garantem-abastecimento-para-os-proximos-5-anos<\/a>&nbsp;<\/p>\n\n\n\n<p><strong>Exame:<\/strong>&nbsp;<a href=\"https:\/\/exame.abril.com.br\/economia\/reservatorios-vao-fechar-2018-com-30-da-capacidade\/\" target=\"_blank\" rel=\"noreferrer noopener\">https:\/\/exame.abril.com.br\/economia\/reservatorios-vao-fechar-2018-com-30-da-capacidade\/<\/a><\/p>\n\n\n\n<p><strong>Ag\u00eancia Brasil:<\/strong>&nbsp;<a href=\"http:\/\/agenciabrasil.ebc.com.br\/economia\/noticia\/2018-02\/ons-diz-que-reservatorios-terao-este-ano-situacao-melhor-que-em-2017\" target=\"_blank\" rel=\"noreferrer noopener\">http:\/\/agenciabrasil.ebc.com.br\/economia\/noticia\/2018-02\/ons-diz-que-reservatorios-terao-este-ano-situacao-melhor-que-em-2017<\/a><\/p>\n\n\n\n<p><strong>Terra:<\/strong>&nbsp;<a href=\"https:\/\/www.terra.com.br\/economia\/brasil-deve-ter-apenas-dois-leiloes-para-novas-usinas-de-energia-em-2018-diz-epe,6c81337f89f4ffc4c6b44ba8d3ff162d5fhpe10u.html\" target=\"_blank\" rel=\"noreferrer noopener\">https:\/\/www.terra.com.br\/economia\/brasil-deve-ter-apenas-dois-leiloes-para-novas-usinas-de-energia-em-2018-diz-epe,6c81337f89f4ffc4c6b44ba8d3ff162d5fhpe10u.html<\/a><\/p>\n\n\n\n<p><strong>Extra:<\/strong>&nbsp;<a href=\"https:\/\/extra.globo.com\/noticias\/economia\/brasil-deve-ter-apenas-dois-leiloes-para-novas-usinas-de-energia-em-2018-diz-epe-22438584.html\" target=\"_blank\" rel=\"noreferrer noopener\">https:\/\/extra.globo.com\/noticias\/economia\/brasil-deve-ter-apenas-dois-leiloes-para-novas-usinas-de-energia-em-2018-diz-epe-22438584.html<\/a><\/p>\n\n\n\n<p><strong>Uol:&nbsp;<\/strong><a href=\"https:\/\/economia.uol.com.br\/noticias\/reuters\/2018\/02\/27\/brasil-deve-ter-apenas-dois-leiloes-para-novas-usinas-de-energia-em-2018-diz-epe.htm\" target=\"_blank\" rel=\"noreferrer noopener\">https:\/\/economia.uol.com.br\/noticias\/reuters\/2018\/02\/27\/brasil-deve-ter-apenas-dois-leiloes-para-novas-usinas-de-energia-em-2018-diz-epe.htm<\/a><\/p>\n\n\n\n<p><strong>Jornal do Brasil:<\/strong>&nbsp;<a href=\"http:\/\/www.jb.com.br\/economia\/noticias\/2018\/02\/27\/ons-diz-que-reservatorios-terao-este-ano-situacao-melhor-que-em-2017\/\" target=\"_blank\" rel=\"noreferrer noopener\">http:\/\/www.jb.com.br\/economia\/noticias\/2018\/02\/27\/ons-diz-que-reservatorios-terao-este-ano-situacao-melhor-que-em-2017\/<\/a><\/p>\n\n\n\n<p><strong>Isto \u00e9:<\/strong>&nbsp;<a href=\"https:\/\/www.istoedinheiro.com.br\/reservatorios-do-sudeste-e-nordeste-vao-fechar-2018-com-30-da-capacidade\/\" target=\"_blank\" rel=\"noreferrer noopener\">https:\/\/www.istoedinheiro.com.br\/reservatorios-do-sudeste-e-nordeste-vao-fechar-2018-com-30-da-capacidade\/<\/a>&nbsp;<\/p>\n\n\n\n<p><strong>Ambiente Energia:<\/strong>&nbsp;https:\/\/www.ambienteenergia.com.br\/index.php\/2018\/03\/reservatorios-de-hidreletricas-terao-em-2018-situacao-melhor-que-em-2017-afirma-ons\/33836<\/p>\n\n\n\n<p><strong>Revista Amaz\u00f4nia:<\/strong>&nbsp;http:\/\/revistaamazonia.com.br\/reservatorios-de-hidreletricas-terao-em-2018-situacao-melhor-que-em-2017-afirma-a-ons\/<\/p>\n","protected":false},"excerpt":{"rendered":"<p>A Empresa de Pesquisa Energ\u00e9tica (EPE) prev\u00ea concluir no segundo semestre o Plano Nacional de Energia (PNE) 2050, afirmou na tarde desta ter\u00e7a-feira (27) o&hellip;<\/p>\n","protected":false},"author":1,"featured_media":2928,"comment_status":"closed","ping_status":"closed","sticky":false,"template":"","format":"standard","meta":{"_exactmetrics_skip_tracking":false,"_exactmetrics_sitenote_active":false,"_exactmetrics_sitenote_note":"","_exactmetrics_sitenote_category":0,"footnotes":""},"categories":[10],"tags":[],"class_list":["post-2927","post","type-post","status-publish","format-standard","has-post-thumbnail","hentry","category-noticias"],"_links":{"self":[{"href":"https:\/\/acrj.org.br\/index.php\/wp-json\/wp\/v2\/posts\/2927","targetHints":{"allow":["GET"]}}],"collection":[{"href":"https:\/\/acrj.org.br\/index.php\/wp-json\/wp\/v2\/posts"}],"about":[{"href":"https:\/\/acrj.org.br\/index.php\/wp-json\/wp\/v2\/types\/post"}],"author":[{"embeddable":true,"href":"https:\/\/acrj.org.br\/index.php\/wp-json\/wp\/v2\/users\/1"}],"replies":[{"embeddable":true,"href":"https:\/\/acrj.org.br\/index.php\/wp-json\/wp\/v2\/comments?post=2927"}],"version-history":[{"count":0,"href":"https:\/\/acrj.org.br\/index.php\/wp-json\/wp\/v2\/posts\/2927\/revisions"}],"wp:featuredmedia":[{"embeddable":true,"href":"https:\/\/acrj.org.br\/index.php\/wp-json\/wp\/v2\/media\/2928"}],"wp:attachment":[{"href":"https:\/\/acrj.org.br\/index.php\/wp-json\/wp\/v2\/media?parent=2927"}],"wp:term":[{"taxonomy":"category","embeddable":true,"href":"https:\/\/acrj.org.br\/index.php\/wp-json\/wp\/v2\/categories?post=2927"},{"taxonomy":"post_tag","embeddable":true,"href":"https:\/\/acrj.org.br\/index.php\/wp-json\/wp\/v2\/tags?post=2927"}],"curies":[{"name":"wp","href":"https:\/\/api.w.org\/{rel}","templated":true}]}}