{"id":2922,"date":"2018-03-01T14:58:00","date_gmt":"2018-03-01T17:58:00","guid":{"rendered":"http:\/\/acrj2020.profissional.ws\/?p=2922"},"modified":"2021-01-28T10:58:11","modified_gmt":"2021-01-28T13:58:11","slug":"pre-candidato-a-presidencia-ciro-gomes-realiza-palestra-na-acrj","status":"publish","type":"post","link":"https:\/\/acrj.org.br\/index.php\/2018\/03\/01\/pre-candidato-a-presidencia-ciro-gomes-realiza-palestra-na-acrj\/","title":{"rendered":"Pr\u00e9-candidato \u00e0 presid\u00eancia, Ciro Gomes realiza palestra na ACRJ"},"content":{"rendered":"\t\t<div data-elementor-type=\"wp-post\" data-elementor-id=\"2922\" class=\"elementor elementor-2922\" data-elementor-post-type=\"post\">\n\t\t\t\t\t\t<section class=\"elementor-section elementor-top-section elementor-element elementor-element-59a97d28 elementor-section-boxed elementor-section-height-default elementor-section-height-default\" data-id=\"59a97d28\" data-element_type=\"section\" data-e-type=\"section\">\n\t\t\t\t\t\t<div class=\"elementor-container elementor-column-gap-default\">\n\t\t\t\t\t<div class=\"elementor-column elementor-col-100 elementor-top-column elementor-element elementor-element-4aa2c75d\" data-id=\"4aa2c75d\" data-element_type=\"column\" data-e-type=\"column\">\n\t\t\t<div class=\"elementor-widget-wrap elementor-element-populated\">\n\t\t\t\t\t\t<div class=\"elementor-element elementor-element-71bf2d78 elementor-widget elementor-widget-text-editor\" data-id=\"71bf2d78\" data-element_type=\"widget\" data-e-type=\"widget\" data-widget_type=\"text-editor.default\">\n\t\t\t\t<div class=\"elementor-widget-container\">\n\t\t\t\t\t\t\t\t\t\n<p>A Associa\u00e7\u00e3o Comercial do Rio de Janeiro recebe, no dia 15 de mar\u00e7o, o pr\u00e9-candidato \u00e0 presid\u00eancia da Rep\u00fablica, Ciro Gomes (PDT), para palestra durante a reuni\u00e3o do Conselho Diretor da entidade. O tema abordado pelo ex-ministro ser\u00e1 &#8220;O Brasil do S\u00e9culo XXI&#8221;. O evento \u00e9 GRATUITO e as inscri\u00e7\u00f5es s\u00e3o LIMITADAS. Voc\u00ea pode realizar sua inscri\u00e7\u00e3o&nbsp;<a href=\"https:\/\/goo.gl\/gkjCvk\" target=\"_blank\" rel=\"noreferrer noopener\">clicando aqui<\/a>.<\/p>\n\n\n\n<p><strong>Servi\u00e7o<br><\/strong>Palestra &#8220;O Brasil do S\u00e9culo XXI&#8221; &#8211; Ciro Gomes<br>Data: 15 de mar\u00e7o<br>Hor\u00e1rio: 11h<br>Local: ACRJ &#8211; Rua Candel\u00e1ria 9, Centro &#8211; RJ<br>Informa\u00e7\u00f5es: (21) 2514-1280 ou&nbsp;<a href=\"mailto:eventos@acrj.org.br\">eventos@acrj.org.br<\/a><\/p>\n\t\t\t\t\t\t\t\t<\/div>\n\t\t\t\t<\/div>\n\t\t\t\t\t<\/div>\n\t\t<\/div>\n\t\t\t\t\t<\/div>\n\t\t<\/section>\n\t\t\t\t<section class=\"elementor-section elementor-top-section elementor-element elementor-element-fb882b8 elementor-section-boxed elementor-section-height-default elementor-section-height-default\" data-id=\"fb882b8\" data-element_type=\"section\" data-e-type=\"section\">\n\t\t\t\t\t\t<div class=\"elementor-container elementor-column-gap-default\">\n\t\t\t\t\t<div class=\"elementor-column elementor-col-100 elementor-top-column elementor-element elementor-element-80f8268\" data-id=\"80f8268\" data-element_type=\"column\" data-e-type=\"column\">\n\t\t\t<div class=\"elementor-widget-wrap elementor-element-populated\">\n\t\t\t\t\t\t<div class=\"elementor-element elementor-element-f0c67b1 elementor-widget elementor-widget-image\" data-id=\"f0c67b1\" data-element_type=\"widget\" data-e-type=\"widget\" data-widget_type=\"image.default\">\n\t\t\t\t<div class=\"elementor-widget-container\">\n\t\t\t\t\t\t\t\t\t\t\t\t\t\t\t<img fetchpriority=\"high\" decoding=\"async\" width=\"900\" height=\"662\" src=\"https:\/\/acrj.org.br\/wp-content\/uploads\/2018\/03\/convite_ciro_gomes.jpg\" class=\"attachment-full size-full wp-image-2925\" alt=\"\" srcset=\"https:\/\/acrj.org.br\/wp-content\/uploads\/2018\/03\/convite_ciro_gomes.jpg 900w, https:\/\/acrj.org.br\/wp-content\/uploads\/2018\/03\/convite_ciro_gomes-600x441.jpg 600w, https:\/\/acrj.org.br\/wp-content\/uploads\/2018\/03\/convite_ciro_gomes-300x221.jpg 300w, https:\/\/acrj.org.br\/wp-content\/uploads\/2018\/03\/convite_ciro_gomes-768x565.jpg 768w\" sizes=\"(max-width: 900px) 100vw, 900px\" \/>\t\t\t\t\t\t\t\t\t\t\t\t\t\t\t<\/div>\n\t\t\t\t<\/div>\n\t\t\t\t\t<\/div>\n\t\t<\/div>\n\t\t\t\t\t<\/div>\n\t\t<\/section>\n\t\t\t\t<\/div>\n\t\t","protected":false},"excerpt":{"rendered":"<p>A Associa\u00e7\u00e3o Comercial do Rio de Janeiro recebe, no dia 15 de mar\u00e7o, o pr\u00e9-candidato \u00e0 presid\u00eancia da Rep\u00fablica, Ciro Gomes (PDT), para palestra durante&hellip;<\/p>\n","protected":false},"author":1,"featured_media":2923,"comment_status":"closed","ping_status":"closed","sticky":false,"template":"","format":"standard","meta":{"_exactmetrics_skip_tracking":false,"_exactmetrics_sitenote_active":false,"_exactmetrics_sitenote_note":"","_exactmetrics_sitenote_category":0,"footnotes":""},"categories":[10],"tags":[],"class_list":["post-2922","post","type-post","status-publish","format-standard","has-post-thumbnail","hentry","category-noticias"],"_links":{"self":[{"href":"https:\/\/acrj.org.br\/index.php\/wp-json\/wp\/v2\/posts\/2922","targetHints":{"allow":["GET"]}}],"collection":[{"href":"https:\/\/acrj.org.br\/index.php\/wp-json\/wp\/v2\/posts"}],"about":[{"href":"https:\/\/acrj.org.br\/index.php\/wp-json\/wp\/v2\/types\/post"}],"author":[{"embeddable":true,"href":"https:\/\/acrj.org.br\/index.php\/wp-json\/wp\/v2\/users\/1"}],"replies":[{"embeddable":true,"href":"https:\/\/acrj.org.br\/index.php\/wp-json\/wp\/v2\/comments?post=2922"}],"version-history":[{"count":0,"href":"https:\/\/acrj.org.br\/index.php\/wp-json\/wp\/v2\/posts\/2922\/revisions"}],"wp:featuredmedia":[{"embeddable":true,"href":"https:\/\/acrj.org.br\/index.php\/wp-json\/wp\/v2\/media\/2923"}],"wp:attachment":[{"href":"https:\/\/acrj.org.br\/index.php\/wp-json\/wp\/v2\/media?parent=2922"}],"wp:term":[{"taxonomy":"category","embeddable":true,"href":"https:\/\/acrj.org.br\/index.php\/wp-json\/wp\/v2\/categories?post=2922"},{"taxonomy":"post_tag","embeddable":true,"href":"https:\/\/acrj.org.br\/index.php\/wp-json\/wp\/v2\/tags?post=2922"}],"curies":[{"name":"wp","href":"https:\/\/api.w.org\/{rel}","templated":true}]}}