{"id":2910,"date":"2018-03-07T14:52:00","date_gmt":"2018-03-07T17:52:00","guid":{"rendered":"http:\/\/acrj2020.profissional.ws\/?p=2910"},"modified":"2020-03-01T14:53:06","modified_gmt":"2020-03-01T17:53:06","slug":"acrj-e-palco-do-2o-encontro-da-pme-do-rio-de-janeiro","status":"publish","type":"post","link":"https:\/\/acrj.org.br\/index.php\/2018\/03\/07\/acrj-e-palco-do-2o-encontro-da-pme-do-rio-de-janeiro\/","title":{"rendered":"ACRJ \u00e9 palco do 2\u00ba Encontro da PME do Rio de Janeiro"},"content":{"rendered":"\n<p>A Associa\u00e7\u00e3o Comercial do Rio de Janeiro (ACRJ) recebeu, na manh\u00e3 desta ter\u00e7a-feira um grupo de quase 200 empres\u00e1rios cariocas, de pequeno e m\u00e9dio porte, em sua sede, no Centro do Rio, onde foi realizado o 2\u00ba Encontro da PME do Rio de Janeiro. Promovido pela SISEN Solu\u00e7\u00f5es Empresariais e a Funda\u00e7\u00e3o Dom Cabral, esta edi\u00e7\u00e3o do evento tinha como tema &#8220;O Rio al\u00e9m do Rio &#8211; Cen\u00e1rios, Tend\u00eancias e Inspira\u00e7\u00f5es&#8221; e contou com palestrantes com assuntos diversos que trouxeram abordagens personalizadas e enriquecedoras para o p\u00fablico presente.&nbsp;&nbsp;<\/p>\n\n\n\n<p>Guilherme Merc\u00eas, economista-chefe do Sistema Firjan, comentou quest\u00f5es imprescind\u00edveis para o crescimento da economia como a reforma da Previd\u00eancia e a d\u00edvida p\u00fablica. J\u00e1 o professor convidado da Funda\u00e7\u00e3o Dom Cabral, Chico Teixeira, falou sobre a quest\u00e3o da seguran\u00e7a e defesa, sobre a interven\u00e7\u00e3o federal no Rio e o impacto da viol\u00eancia sobre o com\u00e9rcio no estado. A terceira apresenta\u00e7\u00e3o do dia ficou a cargo de outro professor da Funda\u00e7\u00e3o, Paulo Vicente, que focou em temas como rupturas tecnol\u00f3gicas, robotiza\u00e7\u00e3o, ind\u00fastria 4.0, impress\u00e3o 3D, entre outras novidades. A \u00faltima aula do dia foi a do fil\u00f3sofo, escritor, palestrante e professor universit\u00e1rio Mario Sergio Cortella, que trouxe uma reflex\u00e3o sobre os cen\u00e1rios atuais, perspectivas de vida e posicionamento pessoal frente as adversidades.&nbsp;&nbsp;<\/p>\n\n\n\n<p>Participaram ainda do evento a presidente da ACRJ, Angela Costa; Jos\u00e9 Ant\u00f4nio Nascimento Brito, Benem\u00e9rito e vice-presidente de Desenvolvimento Estrat\u00e9gico da ACRJ; o presidente da Associa\u00e7\u00e3o de Empresas de TI Rio de Janeiro(Assespro), \u00c1lvaro Cysneiros e o vice-presidente da Associa\u00e7\u00e3o Brasileira de Atacadistas e Distribuidores (Aderj), Joilson Barcelos.<\/p>\n\n\n\n<p class=\"has-text-align-right\"><strong>Textual Comunica\u00e7\u00e3o<\/strong><br>Assessoria de Imprensa da Associa\u00e7\u00e3o Comercial do Rio de Janeiro (ACRJ)<br>http:\/\/www.textual.com.br&nbsp;&nbsp;<\/p>\n","protected":false},"excerpt":{"rendered":"<p>A Associa\u00e7\u00e3o Comercial do Rio de Janeiro (ACRJ) recebeu, na manh\u00e3 desta ter\u00e7a-feira um grupo de quase 200 empres\u00e1rios cariocas, de pequeno e m\u00e9dio porte,&hellip;<\/p>\n","protected":false},"author":1,"featured_media":2911,"comment_status":"closed","ping_status":"open","sticky":false,"template":"","format":"standard","meta":{"_exactmetrics_skip_tracking":false,"_exactmetrics_sitenote_active":false,"_exactmetrics_sitenote_note":"","_exactmetrics_sitenote_category":0,"footnotes":""},"categories":[10],"tags":[],"class_list":["post-2910","post","type-post","status-publish","format-standard","has-post-thumbnail","hentry","category-noticias"],"_links":{"self":[{"href":"https:\/\/acrj.org.br\/index.php\/wp-json\/wp\/v2\/posts\/2910","targetHints":{"allow":["GET"]}}],"collection":[{"href":"https:\/\/acrj.org.br\/index.php\/wp-json\/wp\/v2\/posts"}],"about":[{"href":"https:\/\/acrj.org.br\/index.php\/wp-json\/wp\/v2\/types\/post"}],"author":[{"embeddable":true,"href":"https:\/\/acrj.org.br\/index.php\/wp-json\/wp\/v2\/users\/1"}],"replies":[{"embeddable":true,"href":"https:\/\/acrj.org.br\/index.php\/wp-json\/wp\/v2\/comments?post=2910"}],"version-history":[{"count":0,"href":"https:\/\/acrj.org.br\/index.php\/wp-json\/wp\/v2\/posts\/2910\/revisions"}],"wp:featuredmedia":[{"embeddable":true,"href":"https:\/\/acrj.org.br\/index.php\/wp-json\/wp\/v2\/media\/2911"}],"wp:attachment":[{"href":"https:\/\/acrj.org.br\/index.php\/wp-json\/wp\/v2\/media?parent=2910"}],"wp:term":[{"taxonomy":"category","embeddable":true,"href":"https:\/\/acrj.org.br\/index.php\/wp-json\/wp\/v2\/categories?post=2910"},{"taxonomy":"post_tag","embeddable":true,"href":"https:\/\/acrj.org.br\/index.php\/wp-json\/wp\/v2\/tags?post=2910"}],"curies":[{"name":"wp","href":"https:\/\/api.w.org\/{rel}","templated":true}]}}