{"id":2891,"date":"2018-03-16T14:42:00","date_gmt":"2018-03-16T17:42:00","guid":{"rendered":"http:\/\/acrj2020.profissional.ws\/?p=2891"},"modified":"2020-03-01T14:43:38","modified_gmt":"2020-03-01T17:43:38","slug":"acrj-na-midia-ciro-gomes","status":"publish","type":"post","link":"https:\/\/acrj.org.br\/index.php\/2018\/03\/16\/acrj-na-midia-ciro-gomes\/","title":{"rendered":"ACRJ na M\u00eddia &#8211; Ciro Gomes"},"content":{"rendered":"\n<p>O pr\u00e9-candidato \u00e0 Presid\u00eancia da Rep\u00fablica Ciro Gomes (PDT) criticou nesta quinta-feira, 14, a interven\u00e7\u00e3o federal do Rio de Janeiro, mas disse que a a\u00e7\u00e3o vem de um clamor popular e que um poss\u00edvel fracasso n\u00e3o deve ser atribu\u00eddo aos militares, uma vez que eles n\u00e3o s\u00e3o treinados para combater o narcotr\u00e1fico.<\/p>\n\n\n\n<p>Segundo ele, a interven\u00e7\u00e3o federal foi uma medida eleitoreira do atual governo, numa tentativa de abafar o fracasso da reforma da Previd\u00eancia no Congresso. Ciro Gomes lamentou o assassinato da vereadora do Rio Marielle Franco (PSOL), na noite desta quarta-feira, e classificou como uma tentativa de calar um s\u00edmbolo de luta. &#8220;Essa interven\u00e7\u00e3o corresponde a um interesse popular muito amplo e essa \u00e9 a raz\u00e3o da mal\u00edcia dessa iniciativa&#8221;, declarou a jornalistas durante um evento com empres\u00e1rios na Associa\u00e7\u00e3o Comercial do Rio de Janeiro.<\/p>\n\n\n\n<p>O pol\u00edtico lembrou de tentativas fracassadas de usar for\u00e7a militar no combate ao tr\u00e1fico de drogas, como o M\u00e9xico. Segundo ele, a interven\u00e7\u00e3o \u00e9 mal planejada, sem or\u00e7amento necess\u00e1rio e parte de um equ\u00edvoco considerar que as For\u00e7as Armadas t\u00eam capacidade de atuar na seguran\u00e7a p\u00fablica.<\/p>\n\n\n\n<p>&#8220;Na hora que entra esse aparato (militar), o crime organizado encolhe. O crime organizado sabe que tem que encolher, vai para outros Estados, encolhe um pouco, entrega bagrinhos para fazer a fic\u00e7\u00e3o de que as coisas est\u00e3o funcionando, sabe que as For\u00e7as Armadas n\u00e3o t\u00eam or\u00e7amento para ficar mais que algum prazo de tempo. Isso j\u00e1 aconteceu no (Complexo do) Alem\u00e3o, na (Complexo da) Mar\u00e9. Eles v\u00e3o sair. E vai voltar a ser tudo como estava&#8221;, disse Ciro Gomes.<\/p>\n\n\n\n<p>O pr\u00e9-candidato lembrou que os l\u00edderes do narcotr\u00e1fico e das fac\u00e7\u00f5es criminosas n\u00e3o est\u00e3o nas favelas, mas sim em condom\u00ednios de luxo. Segundo ele, \u00e9 poss\u00edvel usar o aparato de intelig\u00eancia das For\u00e7as Armadas e da Pol\u00edcia Federal contra o crime, fazendo um mapeamento do comando do narcotr\u00e1fico e de organiza\u00e7\u00f5es criminosas a partir de uma base federal, fora das esferas e regi\u00f5es onde h\u00e1 influ\u00eancia desses criminosos. Ele lamentou, por\u00e9m, que os or\u00e7amentos para a seguran\u00e7a estejam declinantes em todo o Pa\u00eds.<\/p>\n\n\n\n<p><strong>Fonte:<\/strong>&nbsp;<a href=\"http:\/\/www.jb.com.br\/rio\/noticias\/2018\/03\/15\/ciro-gomes-diz-que-intervencao-federal-foi-medida-eleitoreira\/\" target=\"_blank\" rel=\"noreferrer noopener\">Estad\u00e3o conte\u00fado<\/a><\/p>\n\n\n\n<p><strong>Veja mais mat\u00e9rias em:<\/strong><\/p>\n\n\n\n<p><strong>Isto \u00c9:&nbsp;<\/strong><a href=\"https:\/\/istoe.com.br\/ciro-gomes-critica-lucros-excessivos-do-sistema-financeiro-no-pais\/\" target=\"_blank\" rel=\"noreferrer noopener\">https:\/\/istoe.com.br\/ciro-gomes-critica-lucros-excessivos-do-sistema-financeiro-no-pais\/<\/a><\/p>\n\n\n\n<p><strong>Isto \u00c9 Dinheiro:&nbsp;<\/strong><a href=\"https:\/\/www.istoedinheiro.com.br\/ciro-gomes-diz-que-intervencao-federal-foi-medida-eleitoreira\/\" target=\"_blank\" rel=\"noreferrer noopener\">https:\/\/www.istoedinheiro.com.br\/ciro-gomes-diz-que-intervencao-federal-foi-medida-eleitoreira\/<\/a><\/p>\n\n\n\n<p><strong>Valor Econ\u00f4mico:&nbsp;<\/strong><a href=\"http:\/\/www.valor.com.br\/politica\/5387611\/intervencao-federal-no-rio-foi-iniciativa-politiqueira-avalia-ciro\" target=\"_blank\" rel=\"noreferrer noopener\">http:\/\/www.valor.com.br\/politica\/5387611\/intervencao-federal-no-rio-foi-iniciativa-politiqueira-avalia-ciro<\/a><\/p>\n\n\n\n<p><strong>Di\u00e1rio Com\u00e9rcio Ind\u00fastria &amp; Servi\u00e7o:&nbsp;<\/strong><a href=\"https:\/\/www.dci.com.br\/politica\/ciro-gomes-critica-lucros-excessivos-do-sistema-financeiro-no-pais-1.691039\" target=\"_blank\" rel=\"noreferrer noopener\">https:\/\/www.dci.com.br\/politica\/ciro-gomes-critica-lucros-excessivos-do-sistema-financeiro-no-pais-1.691039<\/a><\/p>\n\n\n\n<p><strong>Estad\u00e3o:&nbsp;<\/strong><a href=\"http:\/\/economia.estadao.com.br\/noticias\/geral,ciro-gomes-critica-lucros-excessivos-do-sistema-financeiro-no-pais,70002228610\" target=\"_blank\" rel=\"noreferrer noopener\">http:\/\/economia.estadao.com.br\/noticias\/geral,ciro-gomes-critica-lucros-excessivos-do-sistema-financeiro-no-pais,70002228610<\/a><\/p>\n\n\n\n<p><strong>O Globo:&nbsp;<\/strong><a href=\"https:\/\/oglobo.globo.com\/rio\/para-ciro-gomes-intervencao-nao-teria-como-evitar-morte-de-marielle-22493276\" target=\"_blank\" rel=\"noreferrer noopener\">https:\/\/oglobo.globo.com\/rio\/para-ciro-gomes-intervencao-nao-teria-como-evitar-morte-de-marielle-22493276<\/a><\/p>\n\n\n\n<p><strong>Di\u00e1rio do Grande ABC:&nbsp;<\/strong><a href=\"http:\/\/www.dgabc.com.br\/Noticia\/2869374\/ciro-gomes-critica-lucros-excessivos-do-sistema-financeiro-no-pais\" target=\"_blank\" rel=\"noreferrer noopener\">http:\/\/www.dgabc.com.br\/Noticia\/2869374\/ciro-gomes-critica-lucros-excessivos-do-sistema-financeiro-no-pais<\/a><\/p>\n\n\n\n<p><strong>Jornal do Brasil:&nbsp;<\/strong><a href=\"http:\/\/www.jb.com.br\/rio\/noticias\/2018\/03\/15\/ciro-gomes-diz-que-intervencao-federal-foi-medida-eleitoreira\/\" target=\"_blank\" rel=\"noreferrer noopener\">http:\/\/www.jb.com.br\/rio\/noticias\/2018\/03\/15\/ciro-gomes-diz-que-intervencao-federal-foi-medida-eleitoreira\/<\/a><\/p>\n\n\n\n<p><strong>Estado de Minas:&nbsp;<\/strong><a href=\"https:\/\/www.em.com.br\/app\/noticia\/politica\/2018\/03\/15\/interna_politica,944391\/ciro-gomes-critica-lucros-excessivos-do-sistema-financeiro-no-pais.shtml\" target=\"_blank\" rel=\"noreferrer noopener\">https:\/\/www.em.com.br\/app\/noticia\/politica\/2018\/03\/15\/interna_politica,944391\/ciro-gomes-critica-lucros-excessivos-do-sistema-financeiro-no-pais.shtml<\/a><\/p>\n\n\n\n<p><strong>Correio Braziliense:&nbsp;<\/strong><a href=\"http:\/\/www.correiobraziliense.com.br\/app\/noticia\/politica\/2018\/03\/15\/interna_politica,666349\/o-brasil-esta-errado-as-coisas-nao-estao-melhorando-diz-ciro-gomes.shtml\" target=\"_blank\" rel=\"noreferrer noopener\">http:\/\/www.correiobraziliense.com.br\/app\/noticia\/politica\/2018\/03\/15\/interna_politica,666349\/o-brasil-esta-errado-as-coisas-nao-estao-melhorando-diz-ciro-gomes.shtml&nbsp;<\/a><\/p>\n","protected":false},"excerpt":{"rendered":"<p>O pr\u00e9-candidato \u00e0 Presid\u00eancia da Rep\u00fablica Ciro Gomes (PDT) criticou nesta quinta-feira, 14, a interven\u00e7\u00e3o federal do Rio de Janeiro, mas disse que a a\u00e7\u00e3o&hellip;<\/p>\n","protected":false},"author":1,"featured_media":2892,"comment_status":"closed","ping_status":"open","sticky":false,"template":"","format":"standard","meta":{"_exactmetrics_skip_tracking":false,"_exactmetrics_sitenote_active":false,"_exactmetrics_sitenote_note":"","_exactmetrics_sitenote_category":0,"footnotes":""},"categories":[10],"tags":[],"class_list":["post-2891","post","type-post","status-publish","format-standard","has-post-thumbnail","hentry","category-noticias"],"_links":{"self":[{"href":"https:\/\/acrj.org.br\/index.php\/wp-json\/wp\/v2\/posts\/2891","targetHints":{"allow":["GET"]}}],"collection":[{"href":"https:\/\/acrj.org.br\/index.php\/wp-json\/wp\/v2\/posts"}],"about":[{"href":"https:\/\/acrj.org.br\/index.php\/wp-json\/wp\/v2\/types\/post"}],"author":[{"embeddable":true,"href":"https:\/\/acrj.org.br\/index.php\/wp-json\/wp\/v2\/users\/1"}],"replies":[{"embeddable":true,"href":"https:\/\/acrj.org.br\/index.php\/wp-json\/wp\/v2\/comments?post=2891"}],"version-history":[{"count":0,"href":"https:\/\/acrj.org.br\/index.php\/wp-json\/wp\/v2\/posts\/2891\/revisions"}],"wp:featuredmedia":[{"embeddable":true,"href":"https:\/\/acrj.org.br\/index.php\/wp-json\/wp\/v2\/media\/2892"}],"wp:attachment":[{"href":"https:\/\/acrj.org.br\/index.php\/wp-json\/wp\/v2\/media?parent=2891"}],"wp:term":[{"taxonomy":"category","embeddable":true,"href":"https:\/\/acrj.org.br\/index.php\/wp-json\/wp\/v2\/categories?post=2891"},{"taxonomy":"post_tag","embeddable":true,"href":"https:\/\/acrj.org.br\/index.php\/wp-json\/wp\/v2\/tags?post=2891"}],"curies":[{"name":"wp","href":"https:\/\/api.w.org\/{rel}","templated":true}]}}