{"id":2880,"date":"2018-04-02T14:11:00","date_gmt":"2018-04-02T17:11:00","guid":{"rendered":"http:\/\/acrj2020.profissional.ws\/?p=2880"},"modified":"2020-03-01T14:13:04","modified_gmt":"2020-03-01T17:13:04","slug":"rodrigo-maia-e-o-convidado-da-acrj-para-o-almoco-do-empresario","status":"publish","type":"post","link":"https:\/\/acrj.org.br\/index.php\/2018\/04\/02\/rodrigo-maia-e-o-convidado-da-acrj-para-o-almoco-do-empresario\/","title":{"rendered":"Rodrigo Maia \u00e9 o convidado da ACRJ para o Almo\u00e7o do Empres\u00e1rio"},"content":{"rendered":"\t\t<div data-elementor-type=\"wp-post\" data-elementor-id=\"2880\" class=\"elementor elementor-2880\" data-elementor-post-type=\"post\">\n\t\t\t\t\t\t<section class=\"elementor-section elementor-top-section elementor-element elementor-element-6b37945d elementor-section-boxed elementor-section-height-default elementor-section-height-default\" data-id=\"6b37945d\" data-element_type=\"section\" data-e-type=\"section\">\n\t\t\t\t\t\t<div class=\"elementor-container elementor-column-gap-default\">\n\t\t\t\t\t<div class=\"elementor-column elementor-col-100 elementor-top-column elementor-element elementor-element-1d782cde\" data-id=\"1d782cde\" data-element_type=\"column\" data-e-type=\"column\">\n\t\t\t<div class=\"elementor-widget-wrap elementor-element-populated\">\n\t\t\t\t\t\t<div class=\"elementor-element elementor-element-65294ed8 elementor-widget elementor-widget-text-editor\" data-id=\"65294ed8\" data-element_type=\"widget\" data-e-type=\"widget\" data-widget_type=\"text-editor.default\">\n\t\t\t\t<div class=\"elementor-widget-container\">\n\t\t\t\t\t\t\t\t\t\n<p>O presidente da C\u00e2mara dos Deputados, Rodrigo Maia, \u00e9 o convidado da Associa\u00e7\u00e3o Comercial do Rio de Janeiro (ACRJ) para a pr\u00f3xima edi\u00e7\u00e3o do Almo\u00e7o do Empres\u00e1rio. O pr\u00e9-candidato \u00e0 presid\u00eancia far\u00e1 palestra durante o evento, que acontece no dia 9 de abril, \u00e0s 11:30h. As inscri\u00e7\u00f5es para o evento s\u00e3o LIMITADAS e podem ser feitas&nbsp;<a href=\"https:\/\/goo.gl\/yVMb8u\" target=\"_blank\" rel=\"noreferrer noopener\">clicando aqui<\/a>. Associados ACRJ possuem desconto nas ades\u00f5es.&nbsp;<\/p>\n\n\n\n<p><strong>Servi\u00e7o<\/strong><br>Almo\u00e7o do Empres\u00e1rio &#8211; Rodrigo Maia<br>Data: 9 de abril&nbsp;<br>Hor\u00e1rio: 11:30h<br>Local: Casa do Empres\u00e1rio &#8211; Rua Candel\u00e1ria 9, Centro &#8211; RJ<br>Informa\u00e7\u00f5es: eventos@acrj.org.br ou (21) 2514-1280<\/p>\n\t\t\t\t\t\t\t\t<\/div>\n\t\t\t\t<\/div>\n\t\t\t\t\t<\/div>\n\t\t<\/div>\n\t\t\t\t\t<\/div>\n\t\t<\/section>\n\t\t\t\t<section class=\"elementor-section elementor-top-section elementor-element elementor-element-21d8e54 elementor-section-boxed elementor-section-height-default elementor-section-height-default\" data-id=\"21d8e54\" data-element_type=\"section\" data-e-type=\"section\">\n\t\t\t\t\t\t<div class=\"elementor-container elementor-column-gap-default\">\n\t\t\t\t\t<div class=\"elementor-column elementor-col-100 elementor-top-column elementor-element elementor-element-25a4f80\" data-id=\"25a4f80\" data-element_type=\"column\" data-e-type=\"column\">\n\t\t\t<div class=\"elementor-widget-wrap elementor-element-populated\">\n\t\t\t\t\t\t<div class=\"elementor-element elementor-element-9c9ea53 elementor-widget elementor-widget-image\" data-id=\"9c9ea53\" data-element_type=\"widget\" data-e-type=\"widget\" data-widget_type=\"image.default\">\n\t\t\t\t<div class=\"elementor-widget-container\">\n\t\t\t\t\t\t\t\t\t\t\t\t\t\t\t<img fetchpriority=\"high\" decoding=\"async\" width=\"900\" height=\"715\" src=\"https:\/\/acrj.org.br\/wp-content\/uploads\/2018\/04\/rodrigo_maia_inside_2.jpg\" class=\"attachment-full size-full wp-image-2883\" alt=\"\" srcset=\"https:\/\/acrj.org.br\/wp-content\/uploads\/2018\/04\/rodrigo_maia_inside_2.jpg 900w, https:\/\/acrj.org.br\/wp-content\/uploads\/2018\/04\/rodrigo_maia_inside_2-600x477.jpg 600w, https:\/\/acrj.org.br\/wp-content\/uploads\/2018\/04\/rodrigo_maia_inside_2-300x238.jpg 300w, https:\/\/acrj.org.br\/wp-content\/uploads\/2018\/04\/rodrigo_maia_inside_2-768x610.jpg 768w\" sizes=\"(max-width: 900px) 100vw, 900px\" \/>\t\t\t\t\t\t\t\t\t\t\t\t\t\t\t<\/div>\n\t\t\t\t<\/div>\n\t\t\t\t\t<\/div>\n\t\t<\/div>\n\t\t\t\t\t<\/div>\n\t\t<\/section>\n\t\t\t\t<\/div>\n\t\t","protected":false},"excerpt":{"rendered":"<p>O presidente da C\u00e2mara dos Deputados, Rodrigo Maia, \u00e9 o convidado da Associa\u00e7\u00e3o Comercial do Rio de Janeiro (ACRJ) para a pr\u00f3xima edi\u00e7\u00e3o do Almo\u00e7o&hellip;<\/p>\n","protected":false},"author":1,"featured_media":2881,"comment_status":"closed","ping_status":"open","sticky":false,"template":"","format":"standard","meta":{"_exactmetrics_skip_tracking":false,"_exactmetrics_sitenote_active":false,"_exactmetrics_sitenote_note":"","_exactmetrics_sitenote_category":0,"footnotes":""},"categories":[10],"tags":[],"class_list":["post-2880","post","type-post","status-publish","format-standard","has-post-thumbnail","hentry","category-noticias"],"_links":{"self":[{"href":"https:\/\/acrj.org.br\/index.php\/wp-json\/wp\/v2\/posts\/2880","targetHints":{"allow":["GET"]}}],"collection":[{"href":"https:\/\/acrj.org.br\/index.php\/wp-json\/wp\/v2\/posts"}],"about":[{"href":"https:\/\/acrj.org.br\/index.php\/wp-json\/wp\/v2\/types\/post"}],"author":[{"embeddable":true,"href":"https:\/\/acrj.org.br\/index.php\/wp-json\/wp\/v2\/users\/1"}],"replies":[{"embeddable":true,"href":"https:\/\/acrj.org.br\/index.php\/wp-json\/wp\/v2\/comments?post=2880"}],"version-history":[{"count":0,"href":"https:\/\/acrj.org.br\/index.php\/wp-json\/wp\/v2\/posts\/2880\/revisions"}],"wp:featuredmedia":[{"embeddable":true,"href":"https:\/\/acrj.org.br\/index.php\/wp-json\/wp\/v2\/media\/2881"}],"wp:attachment":[{"href":"https:\/\/acrj.org.br\/index.php\/wp-json\/wp\/v2\/media?parent=2880"}],"wp:term":[{"taxonomy":"category","embeddable":true,"href":"https:\/\/acrj.org.br\/index.php\/wp-json\/wp\/v2\/categories?post=2880"},{"taxonomy":"post_tag","embeddable":true,"href":"https:\/\/acrj.org.br\/index.php\/wp-json\/wp\/v2\/tags?post=2880"}],"curies":[{"name":"wp","href":"https:\/\/api.w.org\/{rel}","templated":true}]}}