{"id":2877,"date":"2018-04-10T13:10:00","date_gmt":"2018-04-10T16:10:00","guid":{"rendered":"http:\/\/acrj2020.profissional.ws\/?p=2877"},"modified":"2020-03-01T14:11:23","modified_gmt":"2020-03-01T17:11:23","slug":"rodrigo-maia-comenta-reforma-da-previdencia-eduardo-paes-e-prisao-em-segunda-instancia-na-acrj","status":"publish","type":"post","link":"https:\/\/acrj.org.br\/index.php\/2018\/04\/10\/rodrigo-maia-comenta-reforma-da-previdencia-eduardo-paes-e-prisao-em-segunda-instancia-na-acrj\/","title":{"rendered":"Rodrigo Maia comenta Reforma da Previd\u00eancia, Eduardo Paes e pris\u00e3o em segunda inst\u00e2ncia na ACRJ"},"content":{"rendered":"\n<p>A Associa\u00e7\u00e3o Comercial do Rio de Janeiro (ACRJ) recebeu na manh\u00e3 desta segunda-feira, 9 de abril, o presidente da C\u00e2mara dos Deputados. Em palestra, Rodrigo Maia falou sobre perspectivas para o futuro, de forma objetiva, passando por temas considerados, por ele, essenciais, como as reformas tribut\u00e1ria e a previdenci\u00e1ria. \u201cO Estado, hoje, mais inviabiliza do que ajuda o futuro do Brasil. Vamos precisar de novas leis, novos marcos na constitui\u00e7\u00e3o e, tamb\u00e9m, de uma discuss\u00e3o no Supremo de temas como estabilidade no emprego para criar um quadro onde o Estado tenha um custo menor, com mais recursos para pol\u00edticas p\u00fablicas de inclus\u00e3o como educa\u00e7\u00e3o, sa\u00fade, seguran\u00e7a, programas sociais&#8230; Tudo isso s\u00f3 vai ser poss\u00edvel prometer e cumprir quando tivermos a capacidade de reduzir o tamanho do Estado brasileiro\u201d, apontou o pr\u00e9-candidato \u00e0 presid\u00eancia da Rep\u00fablica pelo Democratas (DEM).<\/p>\n\n\n\n<p>De acordo com Maia, o sistema previdenci\u00e1rio do Brasil \u00e9 o maior programa de transfer\u00eancia de renda do mundo, maior que o Bolsa Fam\u00edlia. A solu\u00e7\u00e3o para essa equa\u00e7\u00e3o seria que os servidores trabalhassem mais alguns anos para que houvesse uma redu\u00e7\u00e3o no d\u00e9ficit e, no futuro, fosse pensada a possibilidade de constru\u00e7\u00e3o de um novo marco para a previd\u00eancia. \u201c\u00c9 um debate que vai ser constru\u00eddo ao longo do processo eleitoral. N\u00e3o podemos continuar com essa distor\u00e7\u00e3o, onde quem ganha sal\u00e1rio m\u00ednimo tem direitos distintos daqueles que ganham no teto do servi\u00e7o p\u00fablico\u201d, opinou. \u201cN\u00e3o podemos esquecer que o crescimento da taxa da popula\u00e7\u00e3o acima de 65 anos ser\u00e1 enorme nos pr\u00f3ximos 15 anos. Estamos trabalhando com a quest\u00e3o da idade m\u00ednima e do equil\u00edbrio do sistema p\u00fablico e do sistema privado. Isso precisa ser igual para todos, \u00e9 uma demanda da sociedade\u201d, completou.<\/p>\n\n\n\n<p>O presidente da C\u00e2mara ainda comentou a volta de Eduardo Paes ao DEM. \u201cA gente conseguiu construir um ambiente pol\u00edtico muito forte no DEM e nas rela\u00e7\u00f5es com aliados aqui no Rio de Janeiro. O ex-prefeito C\u00e9sar Maia disse que n\u00e3o iria disputar as elei\u00e7\u00f5es e foi o primeiro a pensar no nome do Eduardo Paes. Acredito que nesse momento precisamos construir o melhor projeto para o Rio. Vamos precisar de um gestor com experi\u00eancia\u201d, explicou Maia sobre a possibilidade de o ex-prefeito do Rio disputar o governo do Estado.<\/p>\n\n\n\n<p>Maia falou, ainda, sobre a pris\u00e3o em segunda inst\u00e2ncia no legislativo, repercuss\u00e3o que tomou mais for\u00e7a com a pris\u00e3o do ex-presidente Lula, no \u00faltimo s\u00e1bado. \u201c\u00c9 uma emenda constitucional, n\u00e3o se pode votar urg\u00eancia hoje e votar no plen\u00e1rio amanh\u00e3. \u00c9 um processo que tem que passar na Comiss\u00e3o de Constitui\u00e7\u00e3o e Justi\u00e7a, instalada na semana passada. N\u00f3s vamos come\u00e7ar esse debate e eu acredito que o local para resolver esses conflitos, j\u00e1 que h\u00e1 uma posi\u00e7\u00e3o muito dividida no pr\u00f3prio Supremo, \u00e9 na C\u00e2mara dos Deputados e, depois, no Senado\u201d, finalizou. Maia disse ser a favor que se fa\u00e7a a mudan\u00e7a.<\/p>\n\n\n\n<p class=\"has-text-align-right\"><strong>Textual Comunica\u00e7\u00e3o<br><\/strong>Assessoria de Imprensa da Associa\u00e7\u00e3o Comercial do Rio de Janeiro (ACRJ)<br><a href=\"http:\/\/www.textual.com.br\/\">http:\/\/www.textual.com.br<\/a>&nbsp;&nbsp;<\/p>\n","protected":false},"excerpt":{"rendered":"<p>A Associa\u00e7\u00e3o Comercial do Rio de Janeiro (ACRJ) recebeu na manh\u00e3 desta segunda-feira, 9 de abril, o presidente da C\u00e2mara dos Deputados. Em palestra, Rodrigo&hellip;<\/p>\n","protected":false},"author":1,"featured_media":2878,"comment_status":"closed","ping_status":"open","sticky":false,"template":"","format":"standard","meta":{"_exactmetrics_skip_tracking":false,"_exactmetrics_sitenote_active":false,"_exactmetrics_sitenote_note":"","_exactmetrics_sitenote_category":0,"footnotes":""},"categories":[10],"tags":[],"class_list":["post-2877","post","type-post","status-publish","format-standard","has-post-thumbnail","hentry","category-noticias"],"_links":{"self":[{"href":"https:\/\/acrj.org.br\/index.php\/wp-json\/wp\/v2\/posts\/2877","targetHints":{"allow":["GET"]}}],"collection":[{"href":"https:\/\/acrj.org.br\/index.php\/wp-json\/wp\/v2\/posts"}],"about":[{"href":"https:\/\/acrj.org.br\/index.php\/wp-json\/wp\/v2\/types\/post"}],"author":[{"embeddable":true,"href":"https:\/\/acrj.org.br\/index.php\/wp-json\/wp\/v2\/users\/1"}],"replies":[{"embeddable":true,"href":"https:\/\/acrj.org.br\/index.php\/wp-json\/wp\/v2\/comments?post=2877"}],"version-history":[{"count":0,"href":"https:\/\/acrj.org.br\/index.php\/wp-json\/wp\/v2\/posts\/2877\/revisions"}],"wp:featuredmedia":[{"embeddable":true,"href":"https:\/\/acrj.org.br\/index.php\/wp-json\/wp\/v2\/media\/2878"}],"wp:attachment":[{"href":"https:\/\/acrj.org.br\/index.php\/wp-json\/wp\/v2\/media?parent=2877"}],"wp:term":[{"taxonomy":"category","embeddable":true,"href":"https:\/\/acrj.org.br\/index.php\/wp-json\/wp\/v2\/categories?post=2877"},{"taxonomy":"post_tag","embeddable":true,"href":"https:\/\/acrj.org.br\/index.php\/wp-json\/wp\/v2\/tags?post=2877"}],"curies":[{"name":"wp","href":"https:\/\/api.w.org\/{rel}","templated":true}]}}