{"id":2874,"date":"2018-05-10T14:08:00","date_gmt":"2018-05-10T17:08:00","guid":{"rendered":"http:\/\/acrj2020.profissional.ws\/?p=2874"},"modified":"2020-03-01T14:09:41","modified_gmt":"2020-03-01T17:09:41","slug":"acrj-na-midia-almoco-do-empresario-rodrigo-maia","status":"publish","type":"post","link":"https:\/\/acrj.org.br\/index.php\/2018\/05\/10\/acrj-na-midia-almoco-do-empresario-rodrigo-maia\/","title":{"rendered":"ACRJ na M\u00eddia: Almo\u00e7o do Empres\u00e1rio &#8211; Rodrigo Maia"},"content":{"rendered":"\n<p>10 de abril de 2018 | ACRJ na imprensaACRJ<a><\/a><a><\/a><a><\/a><a><\/a><a><\/a><a><\/a><a><\/a><\/p>\n\n\n\n<p>O presidente da C\u00e2mara, deputado Rodrigo Maia (DEM-RJ), afirmou, nesta segunda-feira, que a Casa vai discutir uma proposta de emenda constitucional (PEC) sobre a possibilidade de pris\u00e3o em segunda inst\u00e2ncia. A ideia, de acordo com ele, \u00e9 deixar a mat\u00e9ria pronta para vota\u00e7\u00e3o em plen\u00e1rio assim que a interven\u00e7\u00e3o federal na Seguran\u00e7a P\u00fablica do Rio acabar. A previs\u00e3o inicial \u00e9 que isso aconte\u00e7a no final do ano. Enquanto houver interven\u00e7\u00e3o, o Congresso n\u00e3o pode fazer altera\u00e7\u00f5es na Constitui\u00e7\u00e3o.<\/p>\n\n\n\n<p>Mesmo com a interven\u00e7\u00e3o no Rio n\u00f3s vamos come\u00e7ar esse debate, porque eu acredito que o local para se resolver esses conflitos, j\u00e1 que h\u00e1 uma posi\u00e7\u00e3o muito dividida no pr\u00f3prio Supremo, \u00e9 o Parlamento. \u00c9 na C\u00e2mara e depois no Senado que a gente deve avan\u00e7ar nesse debate, e deixar claro, j\u00e1 que h\u00e1 uma demanda da sociedade, qual \u00e9 o novo marco em rela\u00e7\u00e3o a esse tema &#8211; disse ele, ap\u00f3s participar de evento na Associa\u00e7\u00e3o Comercial do Rio.<\/p>\n\n\n\n<p>De acordo com Maia, a PEC deve ser votada na Comiss\u00e3o de Constitui\u00e7\u00e3o e Justi\u00e7a (CCJ) da C\u00e2mara em no m\u00e1ximo um m\u00eas. Se for aprovada, segue para a comiss\u00e3o especial. Em 2016, o Supremo Tribunal Federal (STF) autorizou, por 6 votos a 5, a pris\u00e3o ap\u00f3s condena\u00e7\u00e3o em segunda inst\u00e2ncia, sem esperar o tr\u00e2nsito em julgado, ou seja, todos os recursos cab\u00edveis. H\u00e1 expectativa, tanto dentro quanto fora do tribunal, para que haja novo julgamento.<\/p>\n\n\n\n<p>Questionado sobre qual sua posi\u00e7\u00e3o no debate sobre a pris\u00e3o em segunda inst\u00e2ncia, Maia disse que n\u00e3o se manifestaria por ser presidente da C\u00e2mara.<\/p>\n\n\n\n<p><strong>Mat\u00e9ria publicado no site Globo.com<\/strong><br><a href=\"https:\/\/oglobo.globo.com\/brasil\/maia-pretende-votar-emenda-que-pode-alterar-entendimento-sobre-prisao-em-2-instancia-22572403\" target=\"_blank\" rel=\"noreferrer noopener\">Clique aqui para acessar a mat\u00e9ria na \u00edntegra<\/a><\/p>\n\n\n\n<p><strong>Veja mais em:<\/strong><\/p>\n\n\n\n<p><strong>Valor Econ\u00f4mico:<\/strong>&nbsp;<a href=\"http:\/\/www.valor.com.br\/politica\/5440249\/pec-da-prisao-em-segunda-instancia-ja-esta-na-ccj\" target=\"_blank\" rel=\"noreferrer noopener\">http:\/\/www.valor.com.br\/politica\/5440249\/pec-da-prisao-em-segunda-instancia-ja-esta-na-ccj<\/a><\/p>\n\n\n\n<p><strong>Folha de S\u00e3o Paulo:<\/strong>&nbsp;<a href=\"https:\/\/www1.folha.uol.com.br\/poder\/2018\/04\/maia-afirma-que-congresso-deve-definir-sobre-possibilidade-de-prisao-em-segunda-instancia.shtml\" target=\"_blank\" rel=\"noreferrer noopener\">https:\/\/www1.folha.uol.com.br\/poder\/2018\/04\/maia-afirma-que-congresso-deve-definir-sobre-possibilidade-de-prisao-em-segunda-instancia.shtml&nbsp;<\/a><\/p>\n\n\n\n<p><strong>Di\u00e1rio do Com\u00e9rcio e Ind\u00fastria:<\/strong>&nbsp;<a href=\"https:\/\/www.dci.com.br\/colunistas\/direto-de-brasilia\/reac-es-contestam-pedidos-que-podem-libertar-lula-1.697846\" target=\"_blank\" rel=\"noreferrer noopener\">https:\/\/www.dci.com.br\/colunistas\/direto-de-brasilia\/reac-es-contestam-pedidos-que-podem-libertar-lula-1.697846<\/a><\/p>\n\n\n\n<p><strong>Folha de Pernambuco:<\/strong>&nbsp;<a href=\"https:\/\/www.folhape.com.br\/politica\/politica\/politica\/2018\/04\/09\/NWS,64721,7,547,POLITICA,2193-MAIA-CONGRESSO-DEVE-DEFINIR-SOBRE-PRISAO-INSTANCIA.aspx\" target=\"_blank\" rel=\"noreferrer noopener\">https:\/\/www.folhape.com.br\/politica\/politica\/politica\/2018\/04\/09\/NWS,64721,7,547,POLITICA,2193-MAIA-CONGRESSO-DEVE-DEFINIR-SOBRE-PRISAO-INSTANCIA.aspx<\/a><\/p>\n\n\n\n<p><strong>Jornal O Sul:<\/strong>&nbsp;<a href=\"http:\/\/www.osul.com.br\/a-confusao-da-adc\/\" target=\"_blank\" rel=\"noreferrer noopener\">http:\/\/www.osul.com.br\/a-confusao-da-adc\/<\/a><\/p>\n\n\n\n<p><strong>Metro News:<\/strong>&nbsp;<a href=\"https:\/\/www.metronews.com.br\/epolitica\/maia-volta-defender-discussao-de-pec-de-prisao-na-segunda-instancia\" target=\"_blank\" rel=\"noreferrer noopener\">https:\/\/www.metronews.com.br\/epolitica\/maia-volta-defender-discussao-de-pec-de-prisao-na-segunda-instancia&nbsp;<\/a><\/p>\n","protected":false},"excerpt":{"rendered":"<p>10 de abril de 2018 | ACRJ na imprensaACRJ O presidente da C\u00e2mara, deputado Rodrigo Maia (DEM-RJ), afirmou, nesta segunda-feira, que a Casa vai discutir&hellip;<\/p>\n","protected":false},"author":1,"featured_media":2875,"comment_status":"closed","ping_status":"open","sticky":false,"template":"","format":"standard","meta":{"_exactmetrics_skip_tracking":false,"_exactmetrics_sitenote_active":false,"_exactmetrics_sitenote_note":"","_exactmetrics_sitenote_category":0,"footnotes":""},"categories":[10],"tags":[],"class_list":["post-2874","post","type-post","status-publish","format-standard","has-post-thumbnail","hentry","category-noticias"],"_links":{"self":[{"href":"https:\/\/acrj.org.br\/index.php\/wp-json\/wp\/v2\/posts\/2874","targetHints":{"allow":["GET"]}}],"collection":[{"href":"https:\/\/acrj.org.br\/index.php\/wp-json\/wp\/v2\/posts"}],"about":[{"href":"https:\/\/acrj.org.br\/index.php\/wp-json\/wp\/v2\/types\/post"}],"author":[{"embeddable":true,"href":"https:\/\/acrj.org.br\/index.php\/wp-json\/wp\/v2\/users\/1"}],"replies":[{"embeddable":true,"href":"https:\/\/acrj.org.br\/index.php\/wp-json\/wp\/v2\/comments?post=2874"}],"version-history":[{"count":0,"href":"https:\/\/acrj.org.br\/index.php\/wp-json\/wp\/v2\/posts\/2874\/revisions"}],"wp:featuredmedia":[{"embeddable":true,"href":"https:\/\/acrj.org.br\/index.php\/wp-json\/wp\/v2\/media\/2875"}],"wp:attachment":[{"href":"https:\/\/acrj.org.br\/index.php\/wp-json\/wp\/v2\/media?parent=2874"}],"wp:term":[{"taxonomy":"category","embeddable":true,"href":"https:\/\/acrj.org.br\/index.php\/wp-json\/wp\/v2\/categories?post=2874"},{"taxonomy":"post_tag","embeddable":true,"href":"https:\/\/acrj.org.br\/index.php\/wp-json\/wp\/v2\/tags?post=2874"}],"curies":[{"name":"wp","href":"https:\/\/api.w.org\/{rel}","templated":true}]}}