{"id":2868,"date":"2018-05-20T14:06:00","date_gmt":"2018-05-20T17:06:00","guid":{"rendered":"http:\/\/acrj2020.profissional.ws\/?p=2868"},"modified":"2020-03-01T14:06:53","modified_gmt":"2020-03-01T17:06:53","slug":"presidente-da-acrj-recebe-medalha-exercito-brasileiro","status":"publish","type":"post","link":"https:\/\/acrj.org.br\/index.php\/2018\/05\/20\/presidente-da-acrj-recebe-medalha-exercito-brasileiro\/","title":{"rendered":"Presidente da ACRJ recebe Medalha Ex\u00e9rcito Brasileiro"},"content":{"rendered":"\n<p>A presidente da Associa\u00e7\u00e3o Comercial do Rio de Janeiro (ACRJ), Angela Costa, recebeu no dia 19 de abril, a Medalha Ex\u00e9rcito Brasileiro. A honraria \u00e9 designada aos cidad\u00e3os e institui\u00e7\u00f5es civis que tenham praticado a\u00e7\u00e3o destacada ou servi\u00e7o relevante em prol do interesse e do bom nome do Ex\u00e9rcito Brasileiro. A solenidade aconteceu no Pal\u00e1cio Duque de Caxias, no Centro do Rio, e contou com a presen\u00e7a do general Mauro Cesar Lourena Cid, que fez a entrega da premia\u00e7\u00e3o, e do comandante Militar do Leste, general Walter Souza Braga Netto.<\/p>\n\n\n\n<p>&#8220;Recebo com imensa alegria essa honraria, \u00e9 algo que me enche de orgulho como cidad\u00e3. Sinto-me reconhecida por todo trabalho que tenho feito ao longo da minha vida e tamb\u00e9m como presidente da Associa\u00e7\u00e3o Comercial do Rio de Janeiro. As portas da Casa do Empres\u00e1rio sempre estar\u00e3o abertas para quem puder contribuir para uma sociedade mais justa, como \u00e9 o caso do Ex\u00e9rcito. Todos os encontros que tivemos com o general Braga Netto foram de grande aprendizado&#8221;, apontou a presidente da entidade.<\/p>\n\n\n\n<p>Estiveram presentes ainda representando a ACRJ, \u00c1ureo Salles, H\u00e9lio Ferraz, Jos\u00e9 Ant\u00f4nio do Nascimento Brito, Angela Fonti e&nbsp;e o Benem\u00e9rito General Rubens Denys, al\u00e9m de familiares e amigos.<\/p>\n","protected":false},"excerpt":{"rendered":"<p>A presidente da Associa\u00e7\u00e3o Comercial do Rio de Janeiro (ACRJ), Angela Costa, recebeu no dia 19 de abril, a Medalha Ex\u00e9rcito Brasileiro. A honraria \u00e9&hellip;<\/p>\n","protected":false},"author":1,"featured_media":2869,"comment_status":"closed","ping_status":"open","sticky":false,"template":"","format":"standard","meta":{"_exactmetrics_skip_tracking":false,"_exactmetrics_sitenote_active":false,"_exactmetrics_sitenote_note":"","_exactmetrics_sitenote_category":0,"footnotes":""},"categories":[10],"tags":[],"class_list":["post-2868","post","type-post","status-publish","format-standard","has-post-thumbnail","hentry","category-noticias"],"_links":{"self":[{"href":"https:\/\/acrj.org.br\/index.php\/wp-json\/wp\/v2\/posts\/2868","targetHints":{"allow":["GET"]}}],"collection":[{"href":"https:\/\/acrj.org.br\/index.php\/wp-json\/wp\/v2\/posts"}],"about":[{"href":"https:\/\/acrj.org.br\/index.php\/wp-json\/wp\/v2\/types\/post"}],"author":[{"embeddable":true,"href":"https:\/\/acrj.org.br\/index.php\/wp-json\/wp\/v2\/users\/1"}],"replies":[{"embeddable":true,"href":"https:\/\/acrj.org.br\/index.php\/wp-json\/wp\/v2\/comments?post=2868"}],"version-history":[{"count":0,"href":"https:\/\/acrj.org.br\/index.php\/wp-json\/wp\/v2\/posts\/2868\/revisions"}],"wp:featuredmedia":[{"embeddable":true,"href":"https:\/\/acrj.org.br\/index.php\/wp-json\/wp\/v2\/media\/2869"}],"wp:attachment":[{"href":"https:\/\/acrj.org.br\/index.php\/wp-json\/wp\/v2\/media?parent=2868"}],"wp:term":[{"taxonomy":"category","embeddable":true,"href":"https:\/\/acrj.org.br\/index.php\/wp-json\/wp\/v2\/categories?post=2868"},{"taxonomy":"post_tag","embeddable":true,"href":"https:\/\/acrj.org.br\/index.php\/wp-json\/wp\/v2\/tags?post=2868"}],"curies":[{"name":"wp","href":"https:\/\/api.w.org\/{rel}","templated":true}]}}