{"id":2865,"date":"2018-04-27T13:04:00","date_gmt":"2018-04-27T16:04:00","guid":{"rendered":"http:\/\/acrj2020.profissional.ws\/?p=2865"},"modified":"2020-03-01T14:05:50","modified_gmt":"2020-03-01T17:05:50","slug":"secretario-de-fazenda-do-estado-fala-sobre-recuperacao-fiscal-na-acrj","status":"publish","type":"post","link":"https:\/\/acrj.org.br\/index.php\/2018\/04\/27\/secretario-de-fazenda-do-estado-fala-sobre-recuperacao-fiscal-na-acrj\/","title":{"rendered":"Secret\u00e1rio de Fazenda do Estado fala sobre recupera\u00e7\u00e3o fiscal na ACRJ"},"content":{"rendered":"\n<p>A Associa\u00e7\u00e3o Comercial do Rio de Janeiro (ACRJ) recebeu na manh\u00e3 desta quinta-feira, 26 de abril, o secret\u00e1rio de Estado de Fazenda, Luiz Cl\u00e1udio Fernandes Louren\u00e7o Gomes. Em palestra, Gomes fez uma an\u00e1lise positiva e detalhada sobre o Regime de Recupera\u00e7\u00e3o Fiscal, falou sobre metas para o equil\u00edbrio financeiro do Estado e esclareceu d\u00favidas de empres\u00e1rios. De acordo com o secret\u00e1rio, a crise foi agravada por o que ele chama de \u201ctempestade perfeita\u201d: os impactos da Opera\u00e7\u00e3o Lava Jato, que deixaram a Petrobras, por dois anos, sem novos investimentos e a queda do pre\u00e7o do barril do petr\u00f3leo, principal commodity do estado do Rio.&nbsp;&nbsp;<\/p>\n\n\n\n<p>\u201cA partir de 2012, come\u00e7ou a nossa crise no estado. A nossa folha de pagamento cresceu enquanto as receitas n\u00e3o acompanharam esse crescimento. Nossa principal despesa \u00e9 com pessoal e, de 2007 a 2017, nosso gasto nesse item mais que dobrou\u201d, explicou. Outro assunto abordado foi o aumento do desconto previdenci\u00e1rio, que passou de 11% para 14%. \u201cA al\u00edquota de 14% j\u00e1 \u00e9 uma realidade para uma parcela grande dos funcion\u00e1rios estaduais. Em maio j\u00e1 teremos toda a folha com contribui\u00e7\u00e3o de 14%. O impacto \u00e9 importante: ser\u00e1 o aumento de R$ 35 milh\u00f5es por m\u00eas\u201d, analisou. Otimista, o secret\u00e1rio ainda comentou sobre aspectos positivos da Petrobras. \u201cNove sistemas produtores de petr\u00f3leo v\u00e3o entrar em opera\u00e7\u00e3o este ano. Isso vai significar n\u00e3o s\u00f3 a amplia\u00e7\u00e3o na arrecada\u00e7\u00e3o da Repetro, mas no aumento da produ\u00e7\u00e3o desse ativo\u201d, explicou.&nbsp;<\/p>\n\n\n\n<p>O secret\u00e1rio ainda comentou dados sobre a evolu\u00e7\u00e3o do resultado prim\u00e1rio fiscal, com cen\u00e1rio-base e com o Plano de Recupera\u00e7\u00e3o Fiscal. De acordo com os estudos da Secretaria de Fazenda, seguindo o Regime de Recupera\u00e7\u00e3o estabelecido, o Rio de Janeiro equilibra suas contas em tr\u00eas ou quatro anos.&nbsp;<\/p>\n\n\n\n<p>Gomes ainda declarou que a principal medida para destravar o Estado \u00e9 a reforma de gest\u00e3o. \u201cEu acho que o Estado precisa ser rapidamente reformado, precisa se modernizar para que possa contribuir para a economia do pa\u00eds. Ele n\u00e3o pode ser um custo, como hoje \u00e9\u201d.&nbsp;<\/p>\n\n\n\n<p class=\"has-text-align-right\"><strong>Textual Comunica\u00e7\u00e3o<br><\/strong>Assessoria de Imprensa da Associa\u00e7\u00e3o Comercial do Rio de Janeiro (ACRJ)<br>http:\/\/www.textual.com.br&nbsp;<\/p>\n","protected":false},"excerpt":{"rendered":"<p>A Associa\u00e7\u00e3o Comercial do Rio de Janeiro (ACRJ) recebeu na manh\u00e3 desta quinta-feira, 26 de abril, o secret\u00e1rio de Estado de Fazenda, Luiz Cl\u00e1udio Fernandes&hellip;<\/p>\n","protected":false},"author":1,"featured_media":2866,"comment_status":"closed","ping_status":"open","sticky":false,"template":"","format":"standard","meta":{"_exactmetrics_skip_tracking":false,"_exactmetrics_sitenote_active":false,"_exactmetrics_sitenote_note":"","_exactmetrics_sitenote_category":0,"footnotes":""},"categories":[10],"tags":[],"class_list":["post-2865","post","type-post","status-publish","format-standard","has-post-thumbnail","hentry","category-noticias"],"_links":{"self":[{"href":"https:\/\/acrj.org.br\/index.php\/wp-json\/wp\/v2\/posts\/2865","targetHints":{"allow":["GET"]}}],"collection":[{"href":"https:\/\/acrj.org.br\/index.php\/wp-json\/wp\/v2\/posts"}],"about":[{"href":"https:\/\/acrj.org.br\/index.php\/wp-json\/wp\/v2\/types\/post"}],"author":[{"embeddable":true,"href":"https:\/\/acrj.org.br\/index.php\/wp-json\/wp\/v2\/users\/1"}],"replies":[{"embeddable":true,"href":"https:\/\/acrj.org.br\/index.php\/wp-json\/wp\/v2\/comments?post=2865"}],"version-history":[{"count":0,"href":"https:\/\/acrj.org.br\/index.php\/wp-json\/wp\/v2\/posts\/2865\/revisions"}],"wp:featuredmedia":[{"embeddable":true,"href":"https:\/\/acrj.org.br\/index.php\/wp-json\/wp\/v2\/media\/2866"}],"wp:attachment":[{"href":"https:\/\/acrj.org.br\/index.php\/wp-json\/wp\/v2\/media?parent=2865"}],"wp:term":[{"taxonomy":"category","embeddable":true,"href":"https:\/\/acrj.org.br\/index.php\/wp-json\/wp\/v2\/categories?post=2865"},{"taxonomy":"post_tag","embeddable":true,"href":"https:\/\/acrj.org.br\/index.php\/wp-json\/wp\/v2\/tags?post=2865"}],"curies":[{"name":"wp","href":"https:\/\/api.w.org\/{rel}","templated":true}]}}