{"id":2862,"date":"2018-04-27T14:03:00","date_gmt":"2018-04-27T17:03:00","guid":{"rendered":"http:\/\/acrj2020.profissional.ws\/?p=2862"},"modified":"2020-03-01T14:04:39","modified_gmt":"2020-03-01T17:04:39","slug":"presidente-da-acrj-recebe-titulo-da-academia-nacional-de-economia","status":"publish","type":"post","link":"https:\/\/acrj.org.br\/index.php\/2018\/04\/27\/presidente-da-acrj-recebe-titulo-da-academia-nacional-de-economia\/","title":{"rendered":"Presidente da ACRJ recebe t\u00edtulo da Academia Nacional de Economia"},"content":{"rendered":"\n<p>Em plen\u00e1ria p\u00fablica e solene, a Academia Nacional de Economia (ANE) concedeu \u00e0 presidente da Associa\u00e7\u00e3o Comercial do Rio de Janeiro (ACRJ), Angela Costa, o t\u00edtulo de Membro da Ordem do M\u00e9rito das Ci\u00eancias Econ\u00f4micas, Pol\u00edticas e Sociais.&nbsp;<\/p>\n\n\n\n<p>A cerim\u00f4nia de diploma\u00e7\u00e3o foi realizada nesta quinta-feira (26), na Casa do Empres\u00e1rio. Em seu discurso, Angela Costa ressaltou a import\u00e2ncia de receber a outorga de uma institui\u00e7\u00e3o fundamental e que tem como principal caracter\u00edstica ser um f\u00f3rum multifacetado. &#8220;Ser agraciada com esse t\u00edtulo me deixa repleta de orgulho, n\u00e3o s\u00f3 por mim particularmente, mas por todas as mulheres empres\u00e1rias que contribuem com o desenvolvimento de nossa sociedade&#8221;.&nbsp;<\/p>\n\n\n\n<p>A presidente da ACRJ afirmou, ainda, que tem como prop\u00f3sito em seu mandato na entidade trazer a uni\u00e3o de for\u00e7as entre os representantes das ci\u00eancias econ\u00f4micas, pol\u00edticas e sociais, com os representantes do empresariado, com\u00e9rcio e ind\u00fastria, em prol do desenvolvimento brasileiro.<\/p>\n","protected":false},"excerpt":{"rendered":"<p>Em plen\u00e1ria p\u00fablica e solene, a Academia Nacional de Economia (ANE) concedeu \u00e0 presidente da Associa\u00e7\u00e3o Comercial do Rio de Janeiro (ACRJ), Angela Costa, o&hellip;<\/p>\n","protected":false},"author":1,"featured_media":2863,"comment_status":"closed","ping_status":"open","sticky":false,"template":"","format":"standard","meta":{"_exactmetrics_skip_tracking":false,"_exactmetrics_sitenote_active":false,"_exactmetrics_sitenote_note":"","_exactmetrics_sitenote_category":0,"footnotes":""},"categories":[10],"tags":[],"class_list":["post-2862","post","type-post","status-publish","format-standard","has-post-thumbnail","hentry","category-noticias"],"_links":{"self":[{"href":"https:\/\/acrj.org.br\/index.php\/wp-json\/wp\/v2\/posts\/2862","targetHints":{"allow":["GET"]}}],"collection":[{"href":"https:\/\/acrj.org.br\/index.php\/wp-json\/wp\/v2\/posts"}],"about":[{"href":"https:\/\/acrj.org.br\/index.php\/wp-json\/wp\/v2\/types\/post"}],"author":[{"embeddable":true,"href":"https:\/\/acrj.org.br\/index.php\/wp-json\/wp\/v2\/users\/1"}],"replies":[{"embeddable":true,"href":"https:\/\/acrj.org.br\/index.php\/wp-json\/wp\/v2\/comments?post=2862"}],"version-history":[{"count":0,"href":"https:\/\/acrj.org.br\/index.php\/wp-json\/wp\/v2\/posts\/2862\/revisions"}],"wp:featuredmedia":[{"embeddable":true,"href":"https:\/\/acrj.org.br\/index.php\/wp-json\/wp\/v2\/media\/2863"}],"wp:attachment":[{"href":"https:\/\/acrj.org.br\/index.php\/wp-json\/wp\/v2\/media?parent=2862"}],"wp:term":[{"taxonomy":"category","embeddable":true,"href":"https:\/\/acrj.org.br\/index.php\/wp-json\/wp\/v2\/categories?post=2862"},{"taxonomy":"post_tag","embeddable":true,"href":"https:\/\/acrj.org.br\/index.php\/wp-json\/wp\/v2\/tags?post=2862"}],"curies":[{"name":"wp","href":"https:\/\/api.w.org\/{rel}","templated":true}]}}