{"id":2859,"date":"2018-05-04T14:02:00","date_gmt":"2018-05-04T17:02:00","guid":{"rendered":"http:\/\/acrj2020.profissional.ws\/?p=2859"},"modified":"2020-03-01T14:03:26","modified_gmt":"2020-03-01T17:03:26","slug":"presidente-da-acrj-apresenta-relatorio-de-gestao-para-conselho-diretor","status":"publish","type":"post","link":"https:\/\/acrj.org.br\/index.php\/2018\/05\/04\/presidente-da-acrj-apresenta-relatorio-de-gestao-para-conselho-diretor\/","title":{"rendered":"Presidente da ACRJ apresenta relat\u00f3rio de gest\u00e3o para Conselho Diretor"},"content":{"rendered":"\n<p>Nesta quinta-feira, 3 de maio, o Conselho Diretor da Associa\u00e7\u00e3o Comercial do Rio de Janeiro (ACRJ) se reuniu para a apresenta\u00e7\u00e3o do relat\u00f3rio da gest\u00e3o da presidente da entidade, Angela Costa.<\/p>\n\n\n\n<p>Durante a reuni\u00e3o, que contou com a presen\u00e7a de Benem\u00e9ritos, vice-presidentes, diretores e associados, foram apresentados n\u00fameros e resultados do per\u00edodo entre julho de 2017 a mar\u00e7o de 2018. A presidente Angela Costa esclareceu as d\u00favidas e abriu para sugest\u00f5es para os presentes.<\/p>\n","protected":false},"excerpt":{"rendered":"<p>Nesta quinta-feira, 3 de maio, o Conselho Diretor da Associa\u00e7\u00e3o Comercial do Rio de Janeiro (ACRJ) se reuniu para a apresenta\u00e7\u00e3o do relat\u00f3rio da gest\u00e3o&hellip;<\/p>\n","protected":false},"author":1,"featured_media":2860,"comment_status":"closed","ping_status":"open","sticky":false,"template":"","format":"standard","meta":{"_exactmetrics_skip_tracking":false,"_exactmetrics_sitenote_active":false,"_exactmetrics_sitenote_note":"","_exactmetrics_sitenote_category":0,"footnotes":""},"categories":[10],"tags":[],"class_list":["post-2859","post","type-post","status-publish","format-standard","has-post-thumbnail","hentry","category-noticias"],"_links":{"self":[{"href":"https:\/\/acrj.org.br\/index.php\/wp-json\/wp\/v2\/posts\/2859","targetHints":{"allow":["GET"]}}],"collection":[{"href":"https:\/\/acrj.org.br\/index.php\/wp-json\/wp\/v2\/posts"}],"about":[{"href":"https:\/\/acrj.org.br\/index.php\/wp-json\/wp\/v2\/types\/post"}],"author":[{"embeddable":true,"href":"https:\/\/acrj.org.br\/index.php\/wp-json\/wp\/v2\/users\/1"}],"replies":[{"embeddable":true,"href":"https:\/\/acrj.org.br\/index.php\/wp-json\/wp\/v2\/comments?post=2859"}],"version-history":[{"count":0,"href":"https:\/\/acrj.org.br\/index.php\/wp-json\/wp\/v2\/posts\/2859\/revisions"}],"wp:featuredmedia":[{"embeddable":true,"href":"https:\/\/acrj.org.br\/index.php\/wp-json\/wp\/v2\/media\/2860"}],"wp:attachment":[{"href":"https:\/\/acrj.org.br\/index.php\/wp-json\/wp\/v2\/media?parent=2859"}],"wp:term":[{"taxonomy":"category","embeddable":true,"href":"https:\/\/acrj.org.br\/index.php\/wp-json\/wp\/v2\/categories?post=2859"},{"taxonomy":"post_tag","embeddable":true,"href":"https:\/\/acrj.org.br\/index.php\/wp-json\/wp\/v2\/tags?post=2859"}],"curies":[{"name":"wp","href":"https:\/\/api.w.org\/{rel}","templated":true}]}}