{"id":28471,"date":"2024-07-25T18:16:49","date_gmt":"2024-07-25T21:16:49","guid":{"rendered":"https:\/\/acrj.org.br\/?p=28471"},"modified":"2024-07-30T10:08:33","modified_gmt":"2024-07-30T13:08:33","slug":"acrj-recebe-professor-bornito-de-sousa-ex-vice-presidente-da-republica-de-angola","status":"publish","type":"post","link":"https:\/\/acrj.org.br\/index.php\/2024\/07\/25\/acrj-recebe-professor-bornito-de-sousa-ex-vice-presidente-da-republica-de-angola\/","title":{"rendered":"ACRJ recebe professor Bornito de Sousa, ex-vice-presidente da Rep\u00fablica de Angola"},"content":{"rendered":"\n<p>A ACRJ recebeu nesta 5\u00aa feira (25\/7), o ex-vice-presidente da Rep\u00fablica de Angola, professor Bornito de Sousa, criador e presidente da Funda\u00e7\u00e3o que leva seu nome, e Pompilio Santana, colaborador da Funda\u00e7\u00e3o. Ele foi recebido pelo presidente da ACRJ, Josier Vilar, que esteve acompanhado pelo Grande Benem\u00e9rito Ronaldo Chaer, que intermediou o contato com o ex-presidente, e o presidente do Conselho Superior, Ruy Barreto Filho, al\u00e9m de diretores, presidentes e vice-presidentes de Conselhos Empresariais.<\/p>\n\n\n\n<p>O professor Bornito de Sousa fez uma apresenta\u00e7\u00e3o sobre os cinco eixos de atua\u00e7\u00e3o da Funda\u00e7\u00e3o e recebeu do presidente Josier Vilar a proposta de cria\u00e7\u00e3o de um Termo de Coopera\u00e7\u00e3o entre a ACRJ e a Funda\u00e7\u00e3o para a constru\u00e7\u00e3o de proposta de um trabalho em conjunto. Josier Vilar sugeriu a cria\u00e7\u00e3o de grupos de trabalho tem\u00e1ticos para o desenvolvimento dos projetos.<\/p>\n\n\n\n<p>\u201cA porta de Angola est\u00e1 aberta, digamos assim, ao mundo. Est\u00e1 aberta ao com\u00e9rcio e ao empresariado. Sobretudo, na \u00e1rea de diversifica\u00e7\u00e3o tecnol\u00f3gica. O pa\u00eds ainda \u00e9 muito dependente do setor petrol\u00edfero, mas este \u00e9 um setor que emprega muito pouco, porque \u00e9 um setor muito tecnol\u00f3gico. Portanto, neste momento, h\u00e1 uma forte a\u00e7\u00e3o no sentido da diversifica\u00e7\u00e3o tecnol\u00f3gica. Precisamos avan\u00e7ar, sobretudo, para a \u00e1rea do agroneg\u00f3cio e para outras \u00e1reas, como o setor dos servi\u00e7os, turismo\u201d, explicou.<\/p>\n\n\n\n<p>Com base na descri\u00e7\u00e3o de projetos da Funda\u00e7\u00e3o, apresentada pelo professor Bornito, o presidente Josier Vilar identificou diversas oportunidades de parcerias que podem ser viabilizadas entre a ACRJ e a Funda\u00e7\u00e3o em \u00e1reas como educa\u00e7\u00e3o, inova\u00e7\u00e3o, sa\u00fade, turismo, entre outras. \u201cIdentificamos diversas oportunidades que podem ser constru\u00eddas a partir de agora. Fiquei muito bem impressionado com o desejo do professor Bornito de avan\u00e7ar nesses projetos. Espero que possamos construir uma rela\u00e7\u00e3o produtiva com Angola, atrav\u00e9s de sua Funda\u00e7\u00e3o, e que n\u00f3s possamos contribuir de alguma forma com o seu pa\u00eds e vice-versa. Nosso objetivo \u00e9 que a nossa cidade seja um lugar para se viver, trabalhar, empreender, investir e para se visitar. E eu desejo o mesmo para a Angola\u201d, finalizou o presidente Josier Vilar.<\/p>\n\n\n\n<p>A Funda\u00e7\u00e3o Bornito de Sousa \u00e9 uma institui\u00e7\u00e3o sem fins lucrativos e n\u00e3o-governamental que tem como objetivo apoiar pessoas, projetos e comunidades, atrav\u00e9s de diversas iniciativas. Os cinco eixos de atua\u00e7\u00e3o da Funda\u00e7\u00e3o s\u00e3o: Educa\u00e7\u00e3o, juventude e inclus\u00e3o digital; Desenvolvimento local e inclus\u00e3o social; Sustentabilidade ambiental; Orgulho africano e afrodescendente; e Cidadania, lideran\u00e7a e boa governan\u00e7a.<\/p>\n\n\n\n<figure class=\"wp-block-image size-large\"><img fetchpriority=\"high\" decoding=\"async\" width=\"1024\" height=\"535\" src=\"https:\/\/acrj.org.br\/wp-content\/uploads\/2024\/07\/IMG_20240725_181925_323-1024x535.webp\" alt=\"\" class=\"wp-image-28475\" srcset=\"https:\/\/acrj.org.br\/wp-content\/uploads\/2024\/07\/IMG_20240725_181925_323-1024x535.webp 1024w, https:\/\/acrj.org.br\/wp-content\/uploads\/2024\/07\/IMG_20240725_181925_323-300x157.webp 300w, https:\/\/acrj.org.br\/wp-content\/uploads\/2024\/07\/IMG_20240725_181925_323-768x401.webp 768w, https:\/\/acrj.org.br\/wp-content\/uploads\/2024\/07\/IMG_20240725_181925_323-600x313.webp 600w, https:\/\/acrj.org.br\/wp-content\/uploads\/2024\/07\/IMG_20240725_181925_323.webp 1080w\" sizes=\"(max-width: 1024px) 100vw, 1024px\" \/><figcaption class=\"wp-element-caption\">Josier Vilar, Bornito de Sousa, Ruy Barreto Filho e Ronaldo Chaer<\/figcaption><\/figure>\n\n\n\n<figure class=\"wp-block-image size-large\"><img decoding=\"async\" width=\"1024\" height=\"536\" src=\"https:\/\/acrj.org.br\/wp-content\/uploads\/2024\/07\/IMG_20240725_181925_457-1024x536.webp\" alt=\"\" class=\"wp-image-28476\" srcset=\"https:\/\/acrj.org.br\/wp-content\/uploads\/2024\/07\/IMG_20240725_181925_457-1024x536.webp 1024w, https:\/\/acrj.org.br\/wp-content\/uploads\/2024\/07\/IMG_20240725_181925_457-300x157.webp 300w, https:\/\/acrj.org.br\/wp-content\/uploads\/2024\/07\/IMG_20240725_181925_457-768x402.webp 768w, https:\/\/acrj.org.br\/wp-content\/uploads\/2024\/07\/IMG_20240725_181925_457-600x314.webp 600w, https:\/\/acrj.org.br\/wp-content\/uploads\/2024\/07\/IMG_20240725_181925_457.webp 1080w\" sizes=\"(max-width: 1024px) 100vw, 1024px\" \/><figcaption class=\"wp-element-caption\">Professor Bornito de Sousa foi recepcionado pela diretoria da Casa de Mau\u00e1<\/figcaption><\/figure>\n\n\n\n<figure class=\"wp-block-image size-large\"><img decoding=\"async\" width=\"1024\" height=\"536\" src=\"https:\/\/acrj.org.br\/wp-content\/uploads\/2024\/07\/IMG_20240725_181925_498-1024x536.webp\" alt=\"\" class=\"wp-image-28478\" srcset=\"https:\/\/acrj.org.br\/wp-content\/uploads\/2024\/07\/IMG_20240725_181925_498-1024x536.webp 1024w, https:\/\/acrj.org.br\/wp-content\/uploads\/2024\/07\/IMG_20240725_181925_498-300x157.webp 300w, https:\/\/acrj.org.br\/wp-content\/uploads\/2024\/07\/IMG_20240725_181925_498-768x402.webp 768w, https:\/\/acrj.org.br\/wp-content\/uploads\/2024\/07\/IMG_20240725_181925_498-600x314.webp 600w, https:\/\/acrj.org.br\/wp-content\/uploads\/2024\/07\/IMG_20240725_181925_498.webp 1080w\" sizes=\"(max-width: 1024px) 100vw, 1024px\" \/><\/figure>\n","protected":false},"excerpt":{"rendered":"<p>A ACRJ recebeu nesta 5\u00aa feira (25\/7), o ex-vice-presidente da Rep\u00fablica de Angola, professor Bornito de Sousa, criador e presidente da Funda\u00e7\u00e3o que leva seu&hellip;<\/p>\n","protected":false},"author":3,"featured_media":28946,"comment_status":"closed","ping_status":"closed","sticky":false,"template":"","format":"standard","meta":{"_exactmetrics_skip_tracking":false,"_exactmetrics_sitenote_active":false,"_exactmetrics_sitenote_note":"","_exactmetrics_sitenote_category":0,"footnotes":""},"categories":[6],"tags":[],"class_list":["post-28471","post","type-post","status-publish","format-standard","has-post-thumbnail","hentry","category-destaque_noticias"],"_links":{"self":[{"href":"https:\/\/acrj.org.br\/index.php\/wp-json\/wp\/v2\/posts\/28471","targetHints":{"allow":["GET"]}}],"collection":[{"href":"https:\/\/acrj.org.br\/index.php\/wp-json\/wp\/v2\/posts"}],"about":[{"href":"https:\/\/acrj.org.br\/index.php\/wp-json\/wp\/v2\/types\/post"}],"author":[{"embeddable":true,"href":"https:\/\/acrj.org.br\/index.php\/wp-json\/wp\/v2\/users\/3"}],"replies":[{"embeddable":true,"href":"https:\/\/acrj.org.br\/index.php\/wp-json\/wp\/v2\/comments?post=28471"}],"version-history":[{"count":0,"href":"https:\/\/acrj.org.br\/index.php\/wp-json\/wp\/v2\/posts\/28471\/revisions"}],"wp:featuredmedia":[{"embeddable":true,"href":"https:\/\/acrj.org.br\/index.php\/wp-json\/wp\/v2\/media\/28946"}],"wp:attachment":[{"href":"https:\/\/acrj.org.br\/index.php\/wp-json\/wp\/v2\/media?parent=28471"}],"wp:term":[{"taxonomy":"category","embeddable":true,"href":"https:\/\/acrj.org.br\/index.php\/wp-json\/wp\/v2\/categories?post=28471"},{"taxonomy":"post_tag","embeddable":true,"href":"https:\/\/acrj.org.br\/index.php\/wp-json\/wp\/v2\/tags?post=28471"}],"curies":[{"name":"wp","href":"https:\/\/api.w.org\/{rel}","templated":true}]}}