{"id":28463,"date":"2024-07-25T17:08:29","date_gmt":"2024-07-25T20:08:29","guid":{"rendered":"https:\/\/acrj.org.br\/?p=28463"},"modified":"2024-07-28T20:07:15","modified_gmt":"2024-07-28T23:07:15","slug":"conselho-da-longevidade-recebe-a-superintendente-estadual-da-pessoa-idosa","status":"publish","type":"post","link":"https:\/\/acrj.org.br\/index.php\/2024\/07\/25\/conselho-da-longevidade-recebe-a-superintendente-estadual-da-pessoa-idosa\/","title":{"rendered":"Conselho da Longevidade recebe a superintendente Estadual da Pessoa Idosa"},"content":{"rendered":"\n<p>O Conselho Empresarial da Longevidade recebeu, dia 23 de julho, durante sua reuni\u00e3o mensal, a superintendente Estadual da Pessoa Idosa, L\u00edcia Mattesco. A Superintend\u00eancia faz parte da Secretaria de Estado Intergeracional de Juventude e Envelhecimento Saud\u00e1vel \u2013 SEIJES.<\/p>\n\n\n\n<p>Ela explicou a atua\u00e7\u00e3o da Secretaria, que desenvolve um trabalho de atendimento \u00e0s pessoas idosas por meio do Projeto 60 Mais Reabilita. Este projeto promove a sa\u00fade e a qualidade de vida dessa popula\u00e7\u00e3o em 100 Polos de Atendimento na Capital com servi\u00e7os de fisioterapia e atividades f\u00edsicas.<\/p>\n\n\n\n<p>Esses polos, segundo ela, atendem a popula\u00e7\u00e3o de forma gratuita com sess\u00f5es de reabilita\u00e7\u00e3o f\u00edsica complementadas por uma programa\u00e7\u00e3o de atividades esportivas e culturais. O objetivo \u00e9 a recupera\u00e7\u00e3o da funcionalidade f\u00edsica dos participantes e o est\u00edmulo \u00e0 sua participa\u00e7\u00e3o social, ao lazer e \u00e0 express\u00e3o cultural.<\/p>\n\n\n\n<p>Carlos Molina agradeceu a presen\u00e7a de L\u00edcia Mattesco em nome da ACRJ e do Conselho, parabenizou pelo trabalho desenvolvido pela Secretaria e afirmou que o resultado \u00e9 fruto da sua capacidade e dedica\u00e7\u00e3o \u00e0 frente da pasta.<\/p>\n\n\n\n<p>A ideia, conforme explicou a superintendente, \u00e9 ampliar o atendimento para todas as regi\u00f5es do Estado, mas a capital foi escolhida para iniciar o projeto por ter a maior concentra\u00e7\u00e3o de pessoas idosas. \u201cComo somos uma Secretaria nova, optamos, nesse primeiro momento, por atuar na Capital, para que a gente pudesse acompanhar a execu\u00e7\u00e3o desse projeto. Esse projeto come\u00e7ou em dezembro do ano passado e j\u00e1 ultrapassamos a meta de 100 atendimentos di\u00e1rio. Hoje estamos atendendo at\u00e9 300 idosos por dia\u201d, disse.<\/p>\n\n\n\n<p>Foi sugerido pela conselheira Beatriz Cavalcante uma forma de apoiar as iniciativas da Secretaria atrav\u00e9s da Lei de Incentivo ao Fundo Nacional do Idoso, que autoriza deduzir do imposto de renda devido pelas pessoas f\u00edsicas e jur\u00eddicas, as doa\u00e7\u00f5es efetuadas aos Fundos Municipais, Estaduais e Nacional do Idoso. O Conselho ficou de estudar essa possibilidade e ver como poderia incentivar as empresas da ACRJ a aderir a esta iniciativa.<\/p>\n\n\n\n<p>Encerrando o encontro, Carlos Molina anunciou que ser\u00e1 realizado em agosto, um evento em parceria com o Sebrae Rio, no \u00e2mbito do Projeto Economia Prateada.<\/p>\n\n\n\n<figure class=\"wp-block-image size-large is-resized\"><img fetchpriority=\"high\" decoding=\"async\" width=\"1600\" height=\"900\" src=\"https:\/\/acrj.org.br\/wp-content\/uploads\/2024\/07\/WhatsApp-Image-2024-07-23-at-17.14.35-edited.jpeg\" alt=\"\" class=\"wp-image-28466\" style=\"width:360px\" srcset=\"https:\/\/acrj.org.br\/wp-content\/uploads\/2024\/07\/WhatsApp-Image-2024-07-23-at-17.14.35-edited.jpeg 1600w, https:\/\/acrj.org.br\/wp-content\/uploads\/2024\/07\/WhatsApp-Image-2024-07-23-at-17.14.35-edited-300x169.jpeg 300w, https:\/\/acrj.org.br\/wp-content\/uploads\/2024\/07\/WhatsApp-Image-2024-07-23-at-17.14.35-edited-1024x576.jpeg 1024w, https:\/\/acrj.org.br\/wp-content\/uploads\/2024\/07\/WhatsApp-Image-2024-07-23-at-17.14.35-edited-768x432.jpeg 768w, https:\/\/acrj.org.br\/wp-content\/uploads\/2024\/07\/WhatsApp-Image-2024-07-23-at-17.14.35-edited-1536x864.jpeg 1536w, https:\/\/acrj.org.br\/wp-content\/uploads\/2024\/07\/WhatsApp-Image-2024-07-23-at-17.14.35-edited-600x338.jpeg 600w\" sizes=\"(max-width: 1600px) 100vw, 1600px\" \/><figcaption class=\"wp-element-caption\">L\u00edcia Mattesco (c.) com membros do Conselho <\/figcaption><\/figure>\n","protected":false},"excerpt":{"rendered":"<p>O Conselho Empresarial da Longevidade recebeu, dia 23 de julho, durante sua reuni\u00e3o mensal, a superintendente Estadual da Pessoa Idosa, L\u00edcia Mattesco. A Superintend\u00eancia faz&hellip;<\/p>\n","protected":false},"author":3,"featured_media":28464,"comment_status":"closed","ping_status":"closed","sticky":false,"template":"","format":"standard","meta":{"_exactmetrics_skip_tracking":false,"_exactmetrics_sitenote_active":false,"_exactmetrics_sitenote_note":"","_exactmetrics_sitenote_category":0,"footnotes":""},"categories":[56],"tags":[],"class_list":["post-28463","post","type-post","status-publish","format-standard","has-post-thumbnail","hentry","category-destaque_conselhos"],"_links":{"self":[{"href":"https:\/\/acrj.org.br\/index.php\/wp-json\/wp\/v2\/posts\/28463","targetHints":{"allow":["GET"]}}],"collection":[{"href":"https:\/\/acrj.org.br\/index.php\/wp-json\/wp\/v2\/posts"}],"about":[{"href":"https:\/\/acrj.org.br\/index.php\/wp-json\/wp\/v2\/types\/post"}],"author":[{"embeddable":true,"href":"https:\/\/acrj.org.br\/index.php\/wp-json\/wp\/v2\/users\/3"}],"replies":[{"embeddable":true,"href":"https:\/\/acrj.org.br\/index.php\/wp-json\/wp\/v2\/comments?post=28463"}],"version-history":[{"count":0,"href":"https:\/\/acrj.org.br\/index.php\/wp-json\/wp\/v2\/posts\/28463\/revisions"}],"wp:featuredmedia":[{"embeddable":true,"href":"https:\/\/acrj.org.br\/index.php\/wp-json\/wp\/v2\/media\/28464"}],"wp:attachment":[{"href":"https:\/\/acrj.org.br\/index.php\/wp-json\/wp\/v2\/media?parent=28463"}],"wp:term":[{"taxonomy":"category","embeddable":true,"href":"https:\/\/acrj.org.br\/index.php\/wp-json\/wp\/v2\/categories?post=28463"},{"taxonomy":"post_tag","embeddable":true,"href":"https:\/\/acrj.org.br\/index.php\/wp-json\/wp\/v2\/tags?post=28463"}],"curies":[{"name":"wp","href":"https:\/\/api.w.org\/{rel}","templated":true}]}}