{"id":2844,"date":"2018-05-16T12:38:00","date_gmt":"2018-05-16T15:38:00","guid":{"rendered":"http:\/\/acrj2020.profissional.ws\/?p=2844"},"modified":"2020-03-01T12:39:36","modified_gmt":"2020-03-01T15:39:36","slug":"8a-edicao-do-mba-atlantico","status":"publish","type":"post","link":"https:\/\/acrj.org.br\/index.php\/2018\/05\/16\/8a-edicao-do-mba-atlantico\/","title":{"rendered":"8\u00aa Edi\u00e7\u00e3o do MBA Atl\u00e2ntico"},"content":{"rendered":"\n<p>O MBA Atl\u00e2ntico (MBAA) \u00e9 um curso oferecido em l\u00edngua portuguesa, que objetiva construir uma rede de gestores internacionais versados nessa l\u00edngua. Idealizado, prioritariamente, para brasileiros, portugueses e angolanos, o curso d\u00e1 a oportunidade de compartilhar relacionamentos transculturais em tempo integral e vivenciar experi\u00eancias profissionais e pessoais \u00fanicas, durante nove meses, sendo tr\u00eas em cada cidade: Porto, Luanda e Rio de Janeiro.&nbsp;<\/p>\n\n\n\n<p>Al\u00e9m de formar pessoas altamente capacitadas para gest\u00e3o internacional, o MBAA possibilita a identifica\u00e7\u00e3o de oportunidades de neg\u00f3cios, por meio de visitas a empresas locais, e o estabelecimento de redes de relacionamentos.<\/p>\n\n\n\n<p>O evento de apresenta\u00e7\u00e3o ser\u00e1 realizado em uma sala do IAG PUC-Rio. Se pudermos contar com sua honrosa presen\u00e7a, escolha por favor datas e hor\u00e1rios que mais lhe convenham e nos informe essas prefer\u00eancias&nbsp;<a href=\"https:\/\/iag.puc-rio.br\/pt\/internacional\/programas-internacionais\/mba-atlantico\/\" target=\"_blank\" rel=\"noreferrer noopener\">clicando aqui<\/a>.<\/p>\n","protected":false},"excerpt":{"rendered":"<p>O MBA Atl\u00e2ntico (MBAA) \u00e9 um curso oferecido em l\u00edngua portuguesa, que objetiva construir uma rede de gestores internacionais versados nessa l\u00edngua. Idealizado, prioritariamente, para&hellip;<\/p>\n","protected":false},"author":1,"featured_media":2845,"comment_status":"closed","ping_status":"open","sticky":false,"template":"","format":"standard","meta":{"_exactmetrics_skip_tracking":false,"_exactmetrics_sitenote_active":false,"_exactmetrics_sitenote_note":"","_exactmetrics_sitenote_category":0,"footnotes":""},"categories":[10],"tags":[],"class_list":["post-2844","post","type-post","status-publish","format-standard","has-post-thumbnail","hentry","category-noticias"],"_links":{"self":[{"href":"https:\/\/acrj.org.br\/index.php\/wp-json\/wp\/v2\/posts\/2844","targetHints":{"allow":["GET"]}}],"collection":[{"href":"https:\/\/acrj.org.br\/index.php\/wp-json\/wp\/v2\/posts"}],"about":[{"href":"https:\/\/acrj.org.br\/index.php\/wp-json\/wp\/v2\/types\/post"}],"author":[{"embeddable":true,"href":"https:\/\/acrj.org.br\/index.php\/wp-json\/wp\/v2\/users\/1"}],"replies":[{"embeddable":true,"href":"https:\/\/acrj.org.br\/index.php\/wp-json\/wp\/v2\/comments?post=2844"}],"version-history":[{"count":0,"href":"https:\/\/acrj.org.br\/index.php\/wp-json\/wp\/v2\/posts\/2844\/revisions"}],"wp:featuredmedia":[{"embeddable":true,"href":"https:\/\/acrj.org.br\/index.php\/wp-json\/wp\/v2\/media\/2845"}],"wp:attachment":[{"href":"https:\/\/acrj.org.br\/index.php\/wp-json\/wp\/v2\/media?parent=2844"}],"wp:term":[{"taxonomy":"category","embeddable":true,"href":"https:\/\/acrj.org.br\/index.php\/wp-json\/wp\/v2\/categories?post=2844"},{"taxonomy":"post_tag","embeddable":true,"href":"https:\/\/acrj.org.br\/index.php\/wp-json\/wp\/v2\/tags?post=2844"}],"curies":[{"name":"wp","href":"https:\/\/api.w.org\/{rel}","templated":true}]}}