{"id":2810,"date":"2018-06-20T12:21:00","date_gmt":"2018-06-20T15:21:00","guid":{"rendered":"http:\/\/acrj2020.profissional.ws\/?p=2810"},"modified":"2020-03-01T12:24:08","modified_gmt":"2020-03-01T15:24:08","slug":"conselho-empresarial-de-medicina-se-reune-na-santa-casa-da-misericordia-do-rio","status":"publish","type":"post","link":"https:\/\/acrj.org.br\/index.php\/2018\/06\/20\/conselho-empresarial-de-medicina-se-reune-na-santa-casa-da-misericordia-do-rio\/","title":{"rendered":"Conselho Empresarial de Medicina se re\u00fane na Santa Casa da Miseric\u00f3rdia do Rio"},"content":{"rendered":"\t\t<div data-elementor-type=\"wp-post\" data-elementor-id=\"2810\" class=\"elementor elementor-2810\" data-elementor-post-type=\"post\">\n\t\t\t\t\t\t<section class=\"elementor-section elementor-top-section elementor-element elementor-element-3fcf0eb8 elementor-section-boxed elementor-section-height-default elementor-section-height-default\" data-id=\"3fcf0eb8\" data-element_type=\"section\" data-e-type=\"section\">\n\t\t\t\t\t\t<div class=\"elementor-container elementor-column-gap-default\">\n\t\t\t\t\t<div class=\"elementor-column elementor-col-100 elementor-top-column elementor-element elementor-element-385e55c8\" data-id=\"385e55c8\" data-element_type=\"column\" data-e-type=\"column\">\n\t\t\t<div class=\"elementor-widget-wrap elementor-element-populated\">\n\t\t\t\t\t\t<div class=\"elementor-element elementor-element-3a90d7b5 elementor-widget elementor-widget-text-editor\" data-id=\"3a90d7b5\" data-element_type=\"widget\" data-e-type=\"widget\" data-widget_type=\"text-editor.default\">\n\t\t\t\t<div class=\"elementor-widget-container\">\n\t\t\t\t\t\t\t\t\t\n<p>O Conselho Empresarial de Medicina e Sa\u00fade da Associa\u00e7\u00e3o Comercial do Rio de Janeiro (ACRJ) se reuniu no \u00faltimo dia 4 de junho, excepcionalmente, no pr\u00e9dio hist\u00f3rico da Santa Casa da Miseric\u00f3rdia do Rio de Janeiro. O evento, que teve como anfitri\u00e3o o provedor da Santa Casa e Grande Benem\u00e9rito da ACRJ, Dr. Francisco Horta, colocou em debate as principais bandeiras do conselho: a redu\u00e7\u00e3o da al\u00edquota do ISS incidindo em faturas de prestadores de servi\u00e7o na da sa\u00fade, o piso salarial dos profissionais da \u00e1rea no estado do Rio de Janeiro e a vigil\u00e2ncia sanit\u00e1ria.&nbsp;<\/p>\n\n\n\n<p>Estiveram na reuni\u00e3o, como convidados, Tarquinio Prisco Fernandes de Almeida, presidente da Companhia Municipal de Limpeza Urbana (Comlurb) e o Paulo Pinheiro, membro da Comiss\u00e3o de Higiene, Sa\u00fade P\u00fablica e Bem Estar Social da C\u00e2mara de Vereadores do Rio.&nbsp;<\/p>\n\n\n\n<p>Tarquinio falou sobre temas como conscientiza\u00e7\u00e3o correta da coleta, manejo e segrega\u00e7\u00e3o dos res\u00edduos dos servi\u00e7os de sa\u00fade e a import\u00e2ncia da conscientiza\u00e7\u00e3o do trato de res\u00edduos infectantes. J\u00e1 Pinheiro ressaltou o momento de crise que o Estado do Rio atravessa, o que acarretou em uma piora significativa no setor de sa\u00fade no ano de 2017. O parlamentar divulgou pontos do relat\u00f3rio de gest\u00e3o que mostram que a Secretaria Municipal de Sa\u00fade alcan\u00e7ou apenas 44% de suas metas. De acordo com o vereador, os problemas v\u00e3o al\u00e9m da falta de recursos: dados estat\u00edsticos comprovam a atual situa\u00e7\u00e3o de instabilidade que a \u00e1rea vem passando no Estado do Rio, como o a lentid\u00e3o no atendimento de consultas, exames laboratoriais, cirurgias de pequena e m\u00e9dia complexidade, falta de medicamentos nos postos de sa\u00fade, hospitais, etc. Pinheiro finalizou explicando que a C\u00e2mara est\u00e1 trabalhando para reverter a crise de arrecada\u00e7\u00e3o, em reuni\u00f5es com o novo secret\u00e1rio de Fazenda, Cesar Augusto Barbiero.&nbsp;<\/p>\n\n\n\n<p>Na reuni\u00e3o, a ACRJ sugeriu que seja elaborado junto \u00e0 C\u00e2mara de Vereadores um Projeto de Lei que permita \u00e0s pessoas jur\u00eddicas que assim desejarem destinar 20% da arrecada\u00e7\u00e3o do ISS em benef\u00edcio da Santa Casa, assim como \u00e9 feito em outras \u00e1reas como a da cultura, por exemplo.<\/p>\n\t\t\t\t\t\t\t\t<\/div>\n\t\t\t\t<\/div>\n\t\t\t\t\t<\/div>\n\t\t<\/div>\n\t\t\t\t\t<\/div>\n\t\t<\/section>\n\t\t\t\t<section class=\"elementor-section elementor-top-section elementor-element elementor-element-e442567 elementor-section-boxed elementor-section-height-default elementor-section-height-default\" data-id=\"e442567\" data-element_type=\"section\" data-e-type=\"section\">\n\t\t\t\t\t\t<div class=\"elementor-container elementor-column-gap-default\">\n\t\t\t\t\t<div class=\"elementor-column elementor-col-100 elementor-top-column elementor-element elementor-element-b8c84ad\" data-id=\"b8c84ad\" data-element_type=\"column\" data-e-type=\"column\">\n\t\t\t<div class=\"elementor-widget-wrap elementor-element-populated\">\n\t\t\t\t\t\t<div class=\"elementor-element elementor-element-5ccfd20 elementor-position-top elementor-widget elementor-widget-image-box\" data-id=\"5ccfd20\" data-element_type=\"widget\" data-e-type=\"widget\" data-widget_type=\"image-box.default\">\n\t\t\t\t<div class=\"elementor-widget-container\">\n\t\t\t\t\t<div class=\"elementor-image-box-wrapper\"><figure class=\"elementor-image-box-img\"><img fetchpriority=\"high\" decoding=\"async\" width=\"2560\" height=\"1696\" src=\"https:\/\/acrj.org.br\/wp-content\/uploads\/2018\/06\/dsc_9448-scaled.jpg\" class=\"attachment-full size-full wp-image-2813\" alt=\"\" srcset=\"https:\/\/acrj.org.br\/wp-content\/uploads\/2018\/06\/dsc_9448-scaled.jpg 2560w, https:\/\/acrj.org.br\/wp-content\/uploads\/2018\/06\/dsc_9448-scaled-600x398.jpg 600w, https:\/\/acrj.org.br\/wp-content\/uploads\/2018\/06\/dsc_9448-300x199.jpg 300w, https:\/\/acrj.org.br\/wp-content\/uploads\/2018\/06\/dsc_9448-1024x678.jpg 1024w, https:\/\/acrj.org.br\/wp-content\/uploads\/2018\/06\/dsc_9448-768x509.jpg 768w, https:\/\/acrj.org.br\/wp-content\/uploads\/2018\/06\/dsc_9448-1536x1017.jpg 1536w, https:\/\/acrj.org.br\/wp-content\/uploads\/2018\/06\/dsc_9448-2048x1356.jpg 2048w\" sizes=\"(max-width: 2560px) 100vw, 2560px\" \/><\/figure><div class=\"elementor-image-box-content\"><p class=\"elementor-image-box-description\">Na foto, da esquerda para a direita: Luiz Werber-Bandeira, Gilberto Ururahy, Paulo Pinheiro, Luis Russo, Tarquinio Prisco Fernandes de Almeida..<\/p><\/div><\/div>\t\t\t\t<\/div>\n\t\t\t\t<\/div>\n\t\t\t\t\t<\/div>\n\t\t<\/div>\n\t\t\t\t\t<\/div>\n\t\t<\/section>\n\t\t\t\t<\/div>\n\t\t","protected":false},"excerpt":{"rendered":"<p>O Conselho Empresarial de Medicina e Sa\u00fade da Associa\u00e7\u00e3o Comercial do Rio de Janeiro (ACRJ) se reuniu no \u00faltimo dia 4 de junho, excepcionalmente, no&hellip;<\/p>\n","protected":false},"author":1,"featured_media":2811,"comment_status":"closed","ping_status":"open","sticky":false,"template":"","format":"standard","meta":{"_exactmetrics_skip_tracking":false,"_exactmetrics_sitenote_active":false,"_exactmetrics_sitenote_note":"","_exactmetrics_sitenote_category":0,"footnotes":""},"categories":[10],"tags":[],"class_list":["post-2810","post","type-post","status-publish","format-standard","has-post-thumbnail","hentry","category-noticias"],"_links":{"self":[{"href":"https:\/\/acrj.org.br\/index.php\/wp-json\/wp\/v2\/posts\/2810","targetHints":{"allow":["GET"]}}],"collection":[{"href":"https:\/\/acrj.org.br\/index.php\/wp-json\/wp\/v2\/posts"}],"about":[{"href":"https:\/\/acrj.org.br\/index.php\/wp-json\/wp\/v2\/types\/post"}],"author":[{"embeddable":true,"href":"https:\/\/acrj.org.br\/index.php\/wp-json\/wp\/v2\/users\/1"}],"replies":[{"embeddable":true,"href":"https:\/\/acrj.org.br\/index.php\/wp-json\/wp\/v2\/comments?post=2810"}],"version-history":[{"count":0,"href":"https:\/\/acrj.org.br\/index.php\/wp-json\/wp\/v2\/posts\/2810\/revisions"}],"wp:featuredmedia":[{"embeddable":true,"href":"https:\/\/acrj.org.br\/index.php\/wp-json\/wp\/v2\/media\/2811"}],"wp:attachment":[{"href":"https:\/\/acrj.org.br\/index.php\/wp-json\/wp\/v2\/media?parent=2810"}],"wp:term":[{"taxonomy":"category","embeddable":true,"href":"https:\/\/acrj.org.br\/index.php\/wp-json\/wp\/v2\/categories?post=2810"},{"taxonomy":"post_tag","embeddable":true,"href":"https:\/\/acrj.org.br\/index.php\/wp-json\/wp\/v2\/tags?post=2810"}],"curies":[{"name":"wp","href":"https:\/\/api.w.org\/{rel}","templated":true}]}}