{"id":2802,"date":"2018-06-26T12:18:00","date_gmt":"2018-06-26T15:18:00","guid":{"rendered":"http:\/\/acrj2020.profissional.ws\/?p=2802"},"modified":"2020-03-01T12:19:30","modified_gmt":"2020-03-01T15:19:30","slug":"o-globo-promove-seminario-para-discutir-avancos-para-as-exportacoes-brasileiras","status":"publish","type":"post","link":"https:\/\/acrj.org.br\/index.php\/2018\/06\/26\/o-globo-promove-seminario-para-discutir-avancos-para-as-exportacoes-brasileiras\/","title":{"rendered":"O Globo promove semin\u00e1rio para discutir avan\u00e7os para as exporta\u00e7\u00f5es brasileiras"},"content":{"rendered":"\t\t<div data-elementor-type=\"wp-post\" data-elementor-id=\"2802\" class=\"elementor elementor-2802\" data-elementor-post-type=\"post\">\n\t\t\t\t\t\t<section class=\"elementor-section elementor-top-section elementor-element elementor-element-40ba263f elementor-section-boxed elementor-section-height-default elementor-section-height-default\" data-id=\"40ba263f\" data-element_type=\"section\" data-e-type=\"section\">\n\t\t\t\t\t\t<div class=\"elementor-container elementor-column-gap-default\">\n\t\t\t\t\t<div class=\"elementor-column elementor-col-100 elementor-top-column elementor-element elementor-element-329fdd5a\" data-id=\"329fdd5a\" data-element_type=\"column\" data-e-type=\"column\">\n\t\t\t<div class=\"elementor-widget-wrap elementor-element-populated\">\n\t\t\t\t\t\t<div class=\"elementor-element elementor-element-501c9613 elementor-widget elementor-widget-text-editor\" data-id=\"501c9613\" data-element_type=\"widget\" data-e-type=\"widget\" data-widget_type=\"text-editor.default\">\n\t\t\t\t<div class=\"elementor-widget-container\">\n\t\t\t\t\t\t\t\t\t\n<p>Os desafios e os novos caminhos para se diversificar e promover as exporta\u00e7\u00f5es brasileiras ser\u00e3o debatidos no Semin\u00e1rio Competitividade com Foco na Exporta\u00e7\u00e3o, marcado para o pr\u00f3ximo dia 29 de junho, a partir das 08h30, no Centro de Conven\u00e7\u00f5es RB1, no Centro do Rio.&nbsp;&nbsp;<\/p>\n\n\n\n<p>Com realiza\u00e7\u00e3o do jornal O Globo e parceria da ApexBrasil, da Associa\u00e7\u00e3o Comercial do Rio de Janeiro (ACRJ) e da FIRJAN, o encontro contar\u00e1 com grandes nomes do mercado apresentando estrat\u00e9gias, cases de sucesso e abordando temas como cr\u00e9dito, infraestrutura, tributa\u00e7\u00e3o, qualifica\u00e7\u00e3o e inova\u00e7\u00e3o no setor.&nbsp;<\/p>\n\n\n\n<p>Dividido em quatro pain\u00e9is mediados por Asc\u00e2nio Seleme, colunista do jornal O Globo, o evento ter\u00e1 abertura comandada pelo presidente da ApexBrasil,&nbsp; Embaixador Roberto Jaguaribe Gomes de Mattos, seguido de apresenta\u00e7\u00f5es do Ministro da Ind\u00fastria, Com\u00e9rcio Exterior e Servi\u00e7os, Marcos Jorge de Lima, e do Ministro de Estado das Rela\u00e7\u00f5es Exteriores, Aloysio Nunes Ferreira.&nbsp;&nbsp;<\/p>\n\n\n\n<p>O \u201cDesafio da Capacita\u00e7\u00e3o\u201d \u00e9 o tema do primeiro painel no qual participam Haroldo Lorena, CEO da Zinzane; Dr Edmir Kuazaqui, Consultor Presidente da Academia de Talentos. Autor de livros. Coordenador de p\u00f3s-gradua\u00e7\u00e3o da UNIP e professor da ESPM, e Dr. Daniel Carrara, do SENAR. No segundo painel, Jacqueline De Biase, Diretora de Cria\u00e7\u00e3o na Salinas, Guto Indio da Costa, Designer, discutem \u201cO Marketing como Diferencial de Competitividade\u201d.&nbsp;<\/p>\n\n\n\n<p>O tema \u201cInova\u00e7\u00e3o para Competir\u201d ser\u00e1 discutido no terceiro painel com Leonardo Pereira Rodrigues dos Santos, Superintendente da \u00c1rea de Com\u00e9rcio Exterior do BNDES; Bruno Mondin, Vice-presidente Executivo da Stefanini; Julio Talon, Diretor Presidente da GE Celma e Presidente da Firjan na Regi\u00e3o Serrana e Celso Luiz Moretti, Diretor Executivo de Pesquisa e Desenvolvimento da EMBRAPA. E para fechar o evento, Marcel Motta, Diretor geral da Euromonitor International; H\u00e9lder Mendon\u00e7a, Presidente da Forno de Minas e S\u00e9rgio Leite de Andrade, Diretor Presidente da Usiminas comandam o painel \u201cO Caminho da Internacionaliza\u00e7\u00e3o\u201d.&nbsp; &nbsp;<\/p>\n\n\n\n<p><strong>PROGRAMA\u00c7\u00c3O<\/strong><\/p>\n\n\n\n<p>*Sujeita a altera\u00e7\u00e3o<\/p>\n\n\n\n<p>8h30 &#8211; Welcome Coffee<br>9h00 &#8211; Abertura &#8211; Roberto Jaguaribe Gomes de Mattos, Presidente da APEX<br>9h15 &#8211; Talk \u2013 Marcos Jorge de Lima, Ministro da Ind\u00fastria, Com\u00e9rcio Exterior e Servi\u00e7os<br>9h30 &#8211; Talk \u2013 Aloysio Nunes Ferreira, Ministro de Estado das Rela\u00e7\u00f5es Exteriores<br>9h45 \u2013 Debate com Asc\u00e2nio Seleme e os Ministros e Perguntas da plat\u00e9ia<br>10h00 &#8211; Primeiro Painel \u2013 O Desafio da Capacita\u00e7\u00e3o \/ Haroldo Lorena, CEO da Zinzane \/ Dr. Edmir Kuazaqui, Consultor Presidente da Academia de Talentos e professor da ESPM \/ Dr. Daniel Carrara, SENAR<br>11h30 &#8211; Coffee Break&nbsp;<br>11h45 &#8211; Segundo Painel \u2013 O Marketing como Diferencial de Competitividade \/ Jacqueline De Biase, Diretora de Cria\u00e7\u00e3o na Salinas \/ Guto Indio da Costa, Designer<br>13h15 &#8211; Intervalo<br>14h30 &#8211; Terceiro Painel \u2013 Inova\u00e7\u00e3o para Competir \/ Bruno Mondin, Vice-Presidente Executivo da Stefanini \/ Leonardo Pereira Rodrigues dos Santos, Superintendente da \u00c1rea de Com\u00e9rcio Exterior do BNDES \/ Julio Talon, Diretor Presidente da GE Celma e Presidente da Firjan na Regi\u00e3o Serrana \/ Celso Luiz Moretti, Diretor Executivo de Pesquisa e Desenvolvimento da EMBRAPA<br>16h00 &#8211; Quarto Painel \u2013 O Caminho da Internacionaliza\u00e7\u00e3o \/ Marcel Motta, Diretor Geral da Euromonitor International \/ H\u00e9lder Mendon\u00e7a, Presidente da Forno de Minas \/ S\u00e9rgio Leite de Andrade, Diretor Presidente da Usiminas<br>17h30 &#8211; Encerramento<\/p>\n\n\n\n<p><strong>SERVI\u00c7O&nbsp;<\/strong><\/p>\n\n\n\n<p>Semin\u00e1rio Competitividade com Foco na Exporta\u00e7\u00e3o<br>Data: Sexta-feira, 29 de junho de 2018<br>Hor\u00e1rio: Das 8h30 \u00e0s 17h30<br>Local: Centro de Conven\u00e7\u00f5es RB1 \u2013 Av. Rio Branco, 1 \u2013 Centro<br>Inscri\u00e7\u00f5es: seminarioexportacao@am7.com.br<br>Informa\u00e7\u00f5es pelo site:&nbsp;<a href=\"http:\/\/www.seminarioexportacao.com.br\/\">www.seminarioexportacao.com.br<\/a><\/p>\n\t\t\t\t\t\t\t\t<\/div>\n\t\t\t\t<\/div>\n\t\t\t\t\t<\/div>\n\t\t<\/div>\n\t\t\t\t\t<\/div>\n\t\t<\/section>\n\t\t\t\t<section class=\"elementor-section elementor-top-section elementor-element elementor-element-4a6b73a elementor-section-boxed elementor-section-height-default elementor-section-height-default\" data-id=\"4a6b73a\" data-element_type=\"section\" data-e-type=\"section\">\n\t\t\t\t\t\t<div class=\"elementor-container elementor-column-gap-default\">\n\t\t\t\t\t<div class=\"elementor-column elementor-col-100 elementor-top-column elementor-element elementor-element-da67e57\" data-id=\"da67e57\" data-element_type=\"column\" data-e-type=\"column\">\n\t\t\t<div class=\"elementor-widget-wrap elementor-element-populated\">\n\t\t\t\t\t\t<div class=\"elementor-element elementor-element-1a84111 elementor-widget elementor-widget-image\" data-id=\"1a84111\" data-element_type=\"widget\" data-e-type=\"widget\" data-widget_type=\"image.default\">\n\t\t\t\t<div class=\"elementor-widget-container\">\n\t\t\t\t\t\t\t\t\t\t\t\t\t\t\t<img fetchpriority=\"high\" decoding=\"async\" width=\"600\" height=\"640\" src=\"https:\/\/acrj.org.br\/wp-content\/uploads\/2018\/06\/imagem_apex_texto.jpg\" class=\"attachment-full size-full wp-image-2805\" alt=\"\" srcset=\"https:\/\/acrj.org.br\/wp-content\/uploads\/2018\/06\/imagem_apex_texto.jpg 600w, https:\/\/acrj.org.br\/wp-content\/uploads\/2018\/06\/imagem_apex_texto-281x300.jpg 281w\" sizes=\"(max-width: 600px) 100vw, 600px\" \/>\t\t\t\t\t\t\t\t\t\t\t\t\t\t\t<\/div>\n\t\t\t\t<\/div>\n\t\t\t\t\t<\/div>\n\t\t<\/div>\n\t\t\t\t\t<\/div>\n\t\t<\/section>\n\t\t\t\t<\/div>\n\t\t","protected":false},"excerpt":{"rendered":"<p>Os desafios e os novos caminhos para se diversificar e promover as exporta\u00e7\u00f5es brasileiras ser\u00e3o debatidos no Semin\u00e1rio Competitividade com Foco na Exporta\u00e7\u00e3o, marcado para&hellip;<\/p>\n","protected":false},"author":1,"featured_media":2803,"comment_status":"closed","ping_status":"open","sticky":false,"template":"","format":"standard","meta":{"_exactmetrics_skip_tracking":false,"_exactmetrics_sitenote_active":false,"_exactmetrics_sitenote_note":"","_exactmetrics_sitenote_category":0,"footnotes":""},"categories":[10],"tags":[],"class_list":["post-2802","post","type-post","status-publish","format-standard","has-post-thumbnail","hentry","category-noticias"],"_links":{"self":[{"href":"https:\/\/acrj.org.br\/index.php\/wp-json\/wp\/v2\/posts\/2802","targetHints":{"allow":["GET"]}}],"collection":[{"href":"https:\/\/acrj.org.br\/index.php\/wp-json\/wp\/v2\/posts"}],"about":[{"href":"https:\/\/acrj.org.br\/index.php\/wp-json\/wp\/v2\/types\/post"}],"author":[{"embeddable":true,"href":"https:\/\/acrj.org.br\/index.php\/wp-json\/wp\/v2\/users\/1"}],"replies":[{"embeddable":true,"href":"https:\/\/acrj.org.br\/index.php\/wp-json\/wp\/v2\/comments?post=2802"}],"version-history":[{"count":0,"href":"https:\/\/acrj.org.br\/index.php\/wp-json\/wp\/v2\/posts\/2802\/revisions"}],"wp:featuredmedia":[{"embeddable":true,"href":"https:\/\/acrj.org.br\/index.php\/wp-json\/wp\/v2\/media\/2803"}],"wp:attachment":[{"href":"https:\/\/acrj.org.br\/index.php\/wp-json\/wp\/v2\/media?parent=2802"}],"wp:term":[{"taxonomy":"category","embeddable":true,"href":"https:\/\/acrj.org.br\/index.php\/wp-json\/wp\/v2\/categories?post=2802"},{"taxonomy":"post_tag","embeddable":true,"href":"https:\/\/acrj.org.br\/index.php\/wp-json\/wp\/v2\/tags?post=2802"}],"curies":[{"name":"wp","href":"https:\/\/api.w.org\/{rel}","templated":true}]}}