{"id":2793,"date":"2018-07-16T12:14:00","date_gmt":"2018-07-16T15:14:00","guid":{"rendered":"http:\/\/acrj2020.profissional.ws\/?p=2793"},"modified":"2020-03-01T12:15:28","modified_gmt":"2020-03-01T15:15:28","slug":"joao-amoedo-defende-renovacao-politica-nas-urnas-em-palestra-na-acrj","status":"publish","type":"post","link":"https:\/\/acrj.org.br\/index.php\/2018\/07\/16\/joao-amoedo-defende-renovacao-politica-nas-urnas-em-palestra-na-acrj\/","title":{"rendered":"Jo\u00e3o Amo\u00eado defende renova\u00e7\u00e3o pol\u00edtica nas urnas em palestra na ACRJ"},"content":{"rendered":"\n<p>A Associa\u00e7\u00e3o Comercial do Rio de Janeiro (ACRJ) recebeu nesta sexta-feira, 13, o pr\u00e9-candidato do Partido NOVO \u00e0 Presid\u00eancia da Rep\u00fablica, Jo\u00e3o Amo\u00eado, ocasi\u00e3o em que apresentou t\u00f3picos de seu plano de governo. A palestra faz parte do ciclo \u2018Brasil em Debate\u2019, promovido pela ACRJ, aberto \u00e0queles que v\u00e3o concorrer ao comando do pa\u00eds nas pr\u00f3ximas elei\u00e7\u00f5es, em outubro. O objetivo dos encontros \u00e9 discutir temas, principalmente os que s\u00e3o considerados prioridade para a ACRJ, como a Interven\u00e7\u00e3o Federal na seguran\u00e7a p\u00fablica do Estado; a reten\u00e7\u00e3o do Imposto sobre Circula\u00e7\u00e3o de Mercadorias e Servi\u00e7os (ICMS) do petr\u00f3leo na origem e n\u00e3o no destino; a quest\u00e3o do Rio ser a porta de entrada do turismo internacional e a regulamenta\u00e7\u00e3o excessiva do ambiente de neg\u00f3cios.<\/p>\n\n\n\n<p>O presidenci\u00e1vel contou sobre a decis\u00e3o, em 2010, e a dificuldade em fundar o Partido NOVO, em 2015, e como enxerga a necessidade urgente de reciclar as lideran\u00e7as no pa\u00eds. \u201cA pol\u00edtica \u00e9 o caminho para melhorar a vida das pessoas, mas precisamos de novas ideias, lideran\u00e7as e pr\u00e1ticas. Quem n\u00e3o quer a mudan\u00e7a dificulta a entrada dos outros. A solu\u00e7\u00e3o que queremos n\u00e3o vir\u00e1 dos pol\u00edticos que temos. Precisamos de novos l\u00edderes que inspirem pelo exemplo, que&nbsp; entreguem resultados e sejam transparentes. Quem ganhar vai assumir uma na\u00e7\u00e3o muito fragilizada. N\u00e3o h\u00e1 um salvador da p\u00e1tria, cada um de n\u00f3s \u00e9 o salvador que a p\u00e1tria precisa\u201d, afirmou Amo\u00eado.<\/p>\n\n\n\n<p>Ressaltou que os filiados do partido \u2013 que n\u00e3o utiliza o fundo partid\u00e1rio eleitoral e sobrevive unicamente da contribui\u00e7\u00e3o de cada um, de R$29 ao m\u00eas \u2013 t\u00eam a ficha limpa e passam por processo seletivo. \u201cN\u00e3o utilizamos dinheiro p\u00fablico. Chegou a hora da mudan\u00e7a, de um novo Brasil, onde todos possam chegar l\u00e1\u201d, assinalou.<\/p>\n\n\n\n<p>Para alcan\u00e7ar a tr\u00edade pa\u00eds seguro, simples e livre, Amo\u00eado defende corte nas regalias. \u201cNas elei\u00e7\u00f5es, ouvimos sempre candidatos com muitas ideias. O desafio \u00e9 coloca-las em execu\u00e7\u00e3o. Antes de construir, h\u00e1 muito a desconstruir, combatendo os privil\u00e9gios e enfrentando as resist\u00eancias\u201d, elencou. Defendeu, ainda, \u201cum pa\u00eds que funcione\u201d, focando no combate \u00e0 corrup\u00e7\u00e3o; na defesa da seguran\u00e7a, inclusive a jur\u00eddica; o equil\u00edbrio das contas e menor burocracia e maior abertura econ\u00f4mica. \u201cO brasileiro n\u00e3o precisa de um Estado grande, porque \u00e9 pobre. Ele \u00e9 pobre justamente por ter um Estado grande\u201d, enfatizou.<\/p>\n\n\n\n<p>Questionado sobre a Interven\u00e7\u00e3o Federal na seguran\u00e7a p\u00fablica, Amo\u00eado disse que encara a a\u00e7\u00e3o como positiva e necess\u00e1ria, mas entende que ser\u00e1 preciso discuti-la com o pr\u00f3ximo governador, uma vez que algumas reformas precisam ser feitas e que n\u00e3o s\u00e3o poss\u00edveis com o Estado sob interven\u00e7\u00e3o. Ressaltou tamb\u00e9m a import\u00e2ncia da integra\u00e7\u00e3o entre as pol\u00edcias e de valoriza\u00e7\u00e3o dos profissionais, sem a generaliza\u00e7\u00e3o de que os policiais s\u00e3o \u201cdo mal\u201d. Sobre a descriminaliza\u00e7\u00e3o das drogas, o presidenci\u00e1vel disse ser contra.&nbsp; \u201cA forma de combater n\u00e3o tem sido eficiente no Brasil e nem em outros locais do mundo. \u00c9 necess\u00e1rio avaliar ainda o melhor modelo\u201d.<\/p>\n\n\n\n<p>Sobre finan\u00e7as, disse que o d\u00e9ficit da previd\u00eancia \u00e9 o mais relevante. \u201cA ideia inicial \u00e9 aprovar no Congresso a \u00faltima proposta e resgatar coisas da primeira edi\u00e7\u00e3o\u201d. E finalizou afirmando que \u201co NOVO \u00e9 uma institui\u00e7\u00e3o que tem o DNA da inova\u00e7\u00e3o. Temos uma vis\u00e3o de longo prazo e a liberdade como um valor, meio e fim\u201d.<\/p>\n","protected":false},"excerpt":{"rendered":"<p>A Associa\u00e7\u00e3o Comercial do Rio de Janeiro (ACRJ) recebeu nesta sexta-feira, 13, o pr\u00e9-candidato do Partido NOVO \u00e0 Presid\u00eancia da Rep\u00fablica, Jo\u00e3o Amo\u00eado, ocasi\u00e3o em&hellip;<\/p>\n","protected":false},"author":1,"featured_media":2794,"comment_status":"closed","ping_status":"open","sticky":false,"template":"","format":"standard","meta":{"_exactmetrics_skip_tracking":false,"_exactmetrics_sitenote_active":false,"_exactmetrics_sitenote_note":"","_exactmetrics_sitenote_category":0,"footnotes":""},"categories":[10],"tags":[],"class_list":["post-2793","post","type-post","status-publish","format-standard","has-post-thumbnail","hentry","category-noticias"],"_links":{"self":[{"href":"https:\/\/acrj.org.br\/index.php\/wp-json\/wp\/v2\/posts\/2793","targetHints":{"allow":["GET"]}}],"collection":[{"href":"https:\/\/acrj.org.br\/index.php\/wp-json\/wp\/v2\/posts"}],"about":[{"href":"https:\/\/acrj.org.br\/index.php\/wp-json\/wp\/v2\/types\/post"}],"author":[{"embeddable":true,"href":"https:\/\/acrj.org.br\/index.php\/wp-json\/wp\/v2\/users\/1"}],"replies":[{"embeddable":true,"href":"https:\/\/acrj.org.br\/index.php\/wp-json\/wp\/v2\/comments?post=2793"}],"version-history":[{"count":0,"href":"https:\/\/acrj.org.br\/index.php\/wp-json\/wp\/v2\/posts\/2793\/revisions"}],"wp:featuredmedia":[{"embeddable":true,"href":"https:\/\/acrj.org.br\/index.php\/wp-json\/wp\/v2\/media\/2794"}],"wp:attachment":[{"href":"https:\/\/acrj.org.br\/index.php\/wp-json\/wp\/v2\/media?parent=2793"}],"wp:term":[{"taxonomy":"category","embeddable":true,"href":"https:\/\/acrj.org.br\/index.php\/wp-json\/wp\/v2\/categories?post=2793"},{"taxonomy":"post_tag","embeddable":true,"href":"https:\/\/acrj.org.br\/index.php\/wp-json\/wp\/v2\/tags?post=2793"}],"curies":[{"name":"wp","href":"https:\/\/api.w.org\/{rel}","templated":true}]}}