{"id":2767,"date":"2018-08-01T10:04:00","date_gmt":"2018-08-01T13:04:00","guid":{"rendered":"http:\/\/acrj2020.profissional.ws\/?p=2767"},"modified":"2020-03-01T12:05:42","modified_gmt":"2020-03-01T15:05:42","slug":"acrj-promove-evento-sobre-esporte-como-prevencao-a-violencia","status":"publish","type":"post","link":"https:\/\/acrj.org.br\/index.php\/2018\/08\/01\/acrj-promove-evento-sobre-esporte-como-prevencao-a-violencia\/","title":{"rendered":"ACRJ promove evento sobre esporte como preven\u00e7\u00e3o \u00e0 viol\u00eancia"},"content":{"rendered":"\t\t<div data-elementor-type=\"wp-post\" data-elementor-id=\"2767\" class=\"elementor elementor-2767\" data-elementor-post-type=\"post\">\n\t\t\t\t\t\t<section class=\"elementor-section elementor-top-section elementor-element elementor-element-705a9e07 elementor-section-boxed elementor-section-height-default elementor-section-height-default\" data-id=\"705a9e07\" data-element_type=\"section\" data-e-type=\"section\">\n\t\t\t\t\t\t<div class=\"elementor-container elementor-column-gap-default\">\n\t\t\t\t\t<div class=\"elementor-column elementor-col-100 elementor-top-column elementor-element elementor-element-2a41d739\" data-id=\"2a41d739\" data-element_type=\"column\" data-e-type=\"column\">\n\t\t\t<div class=\"elementor-widget-wrap elementor-element-populated\">\n\t\t\t\t\t\t<div class=\"elementor-element elementor-element-141171c6 elementor-widget elementor-widget-text-editor\" data-id=\"141171c6\" data-element_type=\"widget\" data-e-type=\"widget\" data-widget_type=\"text-editor.default\">\n\t\t\t\t<div class=\"elementor-widget-container\">\n\t\t\t\t\t\t\t\t\t\n<p>O II Painel do Conselho Empresarial de Esporte da ACRJ vai debater sobre iniciativas que envolvem o esporte para a educa\u00e7\u00e3o de crian\u00e7as e adolescentes no Rio de Janeiro. Em parceria com o Conselho Empresarial de Seguran\u00e7a, o semin\u00e1rio conta com a participa\u00e7\u00e3o de lideran\u00e7as nas duas \u00e1reas, autoridades e especialistas para exposi\u00e7\u00f5es e debates sobre o assunto. O encontro acontece no dia 2 de agosto, \u00e0s 9h, na Casa do Empres\u00e1rio. As inscri\u00e7\u00f5es s\u00e3o GRATUITAS e LIMITADAS (<a href=\"https:\/\/docs.google.com\/forms\/d\/e\/1FAIpQLSe9zr4WIklURNc-uohmx_a4HiRNfsdlgtDYgipw-2gipVT4qw\/viewform\" target=\"_blank\" rel=\"noreferrer noopener\">clique aqui para fazer a sua<\/a>).<\/p>\n\n\n\n<p><strong>Servi\u00e7o<\/strong><br>II Painel do Conselho Empresarial de Esporte<br>Data: 2 de agosto<br>Hor\u00e1rio: 9h<br>Local: ACRJ &#8211; Rua Candel\u00e1ria 9, Centro &#8211; RJ<br>Informa\u00e7\u00f5es: (21) 2514-1203<\/p>\n\t\t\t\t\t\t\t\t<\/div>\n\t\t\t\t<\/div>\n\t\t\t\t\t<\/div>\n\t\t<\/div>\n\t\t\t\t\t<\/div>\n\t\t<\/section>\n\t\t\t\t<section class=\"elementor-section elementor-top-section elementor-element elementor-element-5a1be8d elementor-section-boxed elementor-section-height-default elementor-section-height-default\" data-id=\"5a1be8d\" data-element_type=\"section\" data-e-type=\"section\">\n\t\t\t\t\t\t<div class=\"elementor-container elementor-column-gap-default\">\n\t\t\t\t\t<div class=\"elementor-column elementor-col-100 elementor-top-column elementor-element elementor-element-709a270\" data-id=\"709a270\" data-element_type=\"column\" data-e-type=\"column\">\n\t\t\t<div class=\"elementor-widget-wrap elementor-element-populated\">\n\t\t\t\t\t\t<div class=\"elementor-element elementor-element-724d24b elementor-widget elementor-widget-image\" data-id=\"724d24b\" data-element_type=\"widget\" data-e-type=\"widget\" data-widget_type=\"image.default\">\n\t\t\t\t<div class=\"elementor-widget-container\">\n\t\t\t\t\t\t\t\t\t\t\t\t\t\t\t<img fetchpriority=\"high\" decoding=\"async\" width=\"900\" height=\"923\" src=\"https:\/\/acrj.org.br\/wp-content\/uploads\/2018\/08\/convite_evento_site.jpg\" class=\"attachment-full size-full wp-image-2770\" alt=\"\" srcset=\"https:\/\/acrj.org.br\/wp-content\/uploads\/2018\/08\/convite_evento_site.jpg 900w, https:\/\/acrj.org.br\/wp-content\/uploads\/2018\/08\/convite_evento_site-600x615.jpg 600w, https:\/\/acrj.org.br\/wp-content\/uploads\/2018\/08\/convite_evento_site-293x300.jpg 293w, https:\/\/acrj.org.br\/wp-content\/uploads\/2018\/08\/convite_evento_site-768x788.jpg 768w\" sizes=\"(max-width: 900px) 100vw, 900px\" \/>\t\t\t\t\t\t\t\t\t\t\t\t\t\t\t<\/div>\n\t\t\t\t<\/div>\n\t\t\t\t\t<\/div>\n\t\t<\/div>\n\t\t\t\t\t<\/div>\n\t\t<\/section>\n\t\t\t\t<\/div>\n\t\t","protected":false},"excerpt":{"rendered":"<p>O II Painel do Conselho Empresarial de Esporte da ACRJ vai debater sobre iniciativas que envolvem o esporte para a educa\u00e7\u00e3o de crian\u00e7as e adolescentes&hellip;<\/p>\n","protected":false},"author":1,"featured_media":2768,"comment_status":"closed","ping_status":"open","sticky":false,"template":"","format":"standard","meta":{"_exactmetrics_skip_tracking":false,"_exactmetrics_sitenote_active":false,"_exactmetrics_sitenote_note":"","_exactmetrics_sitenote_category":0,"footnotes":""},"categories":[10],"tags":[],"class_list":["post-2767","post","type-post","status-publish","format-standard","has-post-thumbnail","hentry","category-noticias"],"_links":{"self":[{"href":"https:\/\/acrj.org.br\/index.php\/wp-json\/wp\/v2\/posts\/2767","targetHints":{"allow":["GET"]}}],"collection":[{"href":"https:\/\/acrj.org.br\/index.php\/wp-json\/wp\/v2\/posts"}],"about":[{"href":"https:\/\/acrj.org.br\/index.php\/wp-json\/wp\/v2\/types\/post"}],"author":[{"embeddable":true,"href":"https:\/\/acrj.org.br\/index.php\/wp-json\/wp\/v2\/users\/1"}],"replies":[{"embeddable":true,"href":"https:\/\/acrj.org.br\/index.php\/wp-json\/wp\/v2\/comments?post=2767"}],"version-history":[{"count":0,"href":"https:\/\/acrj.org.br\/index.php\/wp-json\/wp\/v2\/posts\/2767\/revisions"}],"wp:featuredmedia":[{"embeddable":true,"href":"https:\/\/acrj.org.br\/index.php\/wp-json\/wp\/v2\/media\/2768"}],"wp:attachment":[{"href":"https:\/\/acrj.org.br\/index.php\/wp-json\/wp\/v2\/media?parent=2767"}],"wp:term":[{"taxonomy":"category","embeddable":true,"href":"https:\/\/acrj.org.br\/index.php\/wp-json\/wp\/v2\/categories?post=2767"},{"taxonomy":"post_tag","embeddable":true,"href":"https:\/\/acrj.org.br\/index.php\/wp-json\/wp\/v2\/tags?post=2767"}],"curies":[{"name":"wp","href":"https:\/\/api.w.org\/{rel}","templated":true}]}}