{"id":27612,"date":"2024-07-16T18:24:08","date_gmt":"2024-07-16T21:24:08","guid":{"rendered":"https:\/\/acrj.org.br\/?p=27612"},"modified":"2024-07-19T14:36:43","modified_gmt":"2024-07-19T17:36:43","slug":"presidente-da-acrj-promove-reuniao-de-alinhamento-estrategico-com-representantes-dos-conselhos-empresariais","status":"publish","type":"post","link":"https:\/\/acrj.org.br\/index.php\/2024\/07\/16\/presidente-da-acrj-promove-reuniao-de-alinhamento-estrategico-com-representantes-dos-conselhos-empresariais\/","title":{"rendered":"Presidente da ACRJ promove reuni\u00e3o de alinhamento estrat\u00e9gico com os Conselhos Empresariais"},"content":{"rendered":"\n<p>Os presidentes e vices dos Conselhos Empresariais da Associa\u00e7\u00e3o Comercial do Rio de Janeiro participaram, dia 16 de julho, de um encontro com o presidente da ACRJ, Josier Vilar, e a vice-presidente dos Conselhos, Fabiana Bentes, com a presen\u00e7a do presidente do Conselho Superior, Ruy Barreto Filho. Na oportunidade foi feita uma apresenta\u00e7\u00e3o sobre o Impulsionamento Estrat\u00e9gico dos Conselhos Empresariais, com destaque para o papel dos Conselhos em gerar pautas de interesse empresarial e impacto econ\u00f4mico, tornando-os estrat\u00e9gicos para o empresariado.<\/p>\n\n\n\n<p>Ainda foram debatidos um cronograma anual de a\u00e7\u00f5es e eventos por Conselho; o mapeamento de potenciais parceiros para ACRJ; a presta\u00e7\u00e3o de servi\u00e7os para as empresas associadas; a ades\u00e3o de novos Associados; e a integra\u00e7\u00e3o dos Conselhos Empresariais.<\/p>\n\n\n\n<p>Josier Vilar fez um balan\u00e7o sobre o primeiro ano \u00e0 frente da ACRJ, cujo foco foi a organiza\u00e7\u00e3o da infraestrutura da institui\u00e7\u00e3o e o trabalho voltado para o aumento do n\u00famero de Associados, que neste per\u00edodo saltou de cerca de 180 para quase mil. Al\u00e9m disso, a ocupa\u00e7\u00e3o do pr\u00e9dio-sede passou de uma taxa de ocupa\u00e7\u00e3o de 42% para 62%. Ele refor\u00e7ou o objetivo de sua gest\u00e3o de tornar a ACRJ autossuficiente a partir da oferta de servi\u00e7os. \u201cN\u00f3s temos que prestar servi\u00e7o para o empres\u00e1rio, para o empreendedor, para que ele possa ter aqui na ACRJ a sua fonte de servi\u00e7os que lhe d\u00ea sustentabilidade, crescimento e riqueza. E o nosso Marketplace vai ser isso. O empres\u00e1rio poder\u00e1 comprar e vender servi\u00e7o atrav\u00e9s da Associa\u00e7\u00e3o Comercial, que vai se monetizar a partir da venda dos servi\u00e7os\u201d, explicou.<\/p>\n\n\n\n<p>O trabalho realizado pela Vice-Presid\u00eancia dos Conselhos, de acordo com ele, teve como objetivo organizar os Conselhos e n\u00e3o para restringir sua autonomia e independ\u00eancia. \u201cAo contr\u00e1rio, \u00e9 para construir um modelo de economia colaborativa, que um possa colaborar com o outro para que esses Conselhos sejam o meu bra\u00e7o t\u00e9cnico. Eu fa\u00e7o o trabalho do ponto de vista pol\u00edtico, a interface com o governo ou com o empresariado\u201d, ressaltou.<br><\/p>\n\n\n\n<p><strong>Propostas Estrat\u00e9gicas<\/strong><\/p>\n\n\n\n<p>A vice-presidente Fabiana Bentes apresentou as Propostas Estrat\u00e9gicas para o Futuro Econ\u00f4mico do Rio de Janeiro, que tem como meta gerar propostas que possam ser trabalhadas pela ACRJ para influenciar positivamente a economia do Rio de Janeiro. Essas propostas, aprovadas e validadas pelo Conselho Estrat\u00e9gico da ACRJ com base na integra\u00e7\u00e3o aos objetivos da ACRJ, far\u00e3o parte do calend\u00e1rio da institui\u00e7\u00e3o atrav\u00e9s do Instituto Mau\u00e1, o bra\u00e7o da Associa\u00e7\u00e3o Comercial para a realiza\u00e7\u00e3o de projetos.<\/p>\n\n\n\n<p>Ela reafirmou a import\u00e2ncia de os Conselhos trabalharem cada vez mais em sinergia e de forma estrat\u00e9gica para que a ACRJ possa contribuir para o desenvolvimento da cidade e do estado do Rio de Janeiro, por meio das atividades dos Conselhos Empresariais da Casa de Mau\u00e1.<\/p>\n\n\n\n<p>Ficou definida a data de 15 de setembro para envio da agenda de eventos dos Conselhos para 2025. Para os que j\u00e1 tiverem reuni\u00f5es e eventos agendados ainda em 2024, a solicita\u00e7\u00e3o \u00e9 para que enviem o mais breve poss\u00edvel este calend\u00e1rio para que seja estabelecida a Agenda para o 2\u00ba semestre.<\/p>\n\n\n\n<figure class=\"wp-block-image size-large is-resized\"><img fetchpriority=\"high\" decoding=\"async\" width=\"1024\" height=\"461\" src=\"https:\/\/acrj.org.br\/wp-content\/uploads\/2024\/07\/mesa-1-1024x461.jpeg\" alt=\"\" class=\"wp-image-27613\" style=\"width:360px\" srcset=\"https:\/\/acrj.org.br\/wp-content\/uploads\/2024\/07\/mesa-1-1024x461.jpeg 1024w, https:\/\/acrj.org.br\/wp-content\/uploads\/2024\/07\/mesa-1-300x135.jpeg 300w, https:\/\/acrj.org.br\/wp-content\/uploads\/2024\/07\/mesa-1-768x346.jpeg 768w, https:\/\/acrj.org.br\/wp-content\/uploads\/2024\/07\/mesa-1-1536x691.jpeg 1536w, https:\/\/acrj.org.br\/wp-content\/uploads\/2024\/07\/mesa-1-600x270.jpeg 600w, https:\/\/acrj.org.br\/wp-content\/uploads\/2024\/07\/mesa-1.jpeg 1600w\" sizes=\"(max-width: 1024px) 100vw, 1024px\" \/><figcaption class=\"wp-element-caption\">Fabiana bentes, Josier Vilar e Ruy Barreto Filho<\/figcaption><\/figure>\n\n\n\n<figure class=\"wp-block-image size-large is-resized\"><img decoding=\"async\" width=\"1024\" height=\"461\" src=\"https:\/\/acrj.org.br\/wp-content\/uploads\/2024\/07\/auditorio-1024x461.jpeg\" alt=\"\" class=\"wp-image-27615\" style=\"width:360px\" srcset=\"https:\/\/acrj.org.br\/wp-content\/uploads\/2024\/07\/auditorio-1024x461.jpeg 1024w, https:\/\/acrj.org.br\/wp-content\/uploads\/2024\/07\/auditorio-300x135.jpeg 300w, https:\/\/acrj.org.br\/wp-content\/uploads\/2024\/07\/auditorio-768x346.jpeg 768w, https:\/\/acrj.org.br\/wp-content\/uploads\/2024\/07\/auditorio-1536x691.jpeg 1536w, https:\/\/acrj.org.br\/wp-content\/uploads\/2024\/07\/auditorio-600x270.jpeg 600w, https:\/\/acrj.org.br\/wp-content\/uploads\/2024\/07\/auditorio.jpeg 1600w\" sizes=\"(max-width: 1024px) 100vw, 1024px\" \/><\/figure>\n","protected":false},"excerpt":{"rendered":"<p>Os presidentes e vices dos Conselhos Empresariais da Associa\u00e7\u00e3o Comercial do Rio de Janeiro participaram, dia 16 de julho, de um encontro com o presidente&hellip;<\/p>\n","protected":false},"author":3,"featured_media":27614,"comment_status":"closed","ping_status":"closed","sticky":false,"template":"","format":"standard","meta":{"_exactmetrics_skip_tracking":false,"_exactmetrics_sitenote_active":false,"_exactmetrics_sitenote_note":"","_exactmetrics_sitenote_category":0,"footnotes":""},"categories":[56],"tags":[],"class_list":["post-27612","post","type-post","status-publish","format-standard","has-post-thumbnail","hentry","category-destaque_conselhos"],"_links":{"self":[{"href":"https:\/\/acrj.org.br\/index.php\/wp-json\/wp\/v2\/posts\/27612","targetHints":{"allow":["GET"]}}],"collection":[{"href":"https:\/\/acrj.org.br\/index.php\/wp-json\/wp\/v2\/posts"}],"about":[{"href":"https:\/\/acrj.org.br\/index.php\/wp-json\/wp\/v2\/types\/post"}],"author":[{"embeddable":true,"href":"https:\/\/acrj.org.br\/index.php\/wp-json\/wp\/v2\/users\/3"}],"replies":[{"embeddable":true,"href":"https:\/\/acrj.org.br\/index.php\/wp-json\/wp\/v2\/comments?post=27612"}],"version-history":[{"count":0,"href":"https:\/\/acrj.org.br\/index.php\/wp-json\/wp\/v2\/posts\/27612\/revisions"}],"wp:featuredmedia":[{"embeddable":true,"href":"https:\/\/acrj.org.br\/index.php\/wp-json\/wp\/v2\/media\/27614"}],"wp:attachment":[{"href":"https:\/\/acrj.org.br\/index.php\/wp-json\/wp\/v2\/media?parent=27612"}],"wp:term":[{"taxonomy":"category","embeddable":true,"href":"https:\/\/acrj.org.br\/index.php\/wp-json\/wp\/v2\/categories?post=27612"},{"taxonomy":"post_tag","embeddable":true,"href":"https:\/\/acrj.org.br\/index.php\/wp-json\/wp\/v2\/tags?post=27612"}],"curies":[{"name":"wp","href":"https:\/\/api.w.org\/{rel}","templated":true}]}}