{"id":2746,"date":"2018-08-14T11:54:00","date_gmt":"2018-08-14T14:54:00","guid":{"rendered":"http:\/\/acrj2020.profissional.ws\/?p=2746"},"modified":"2020-03-01T11:56:25","modified_gmt":"2020-03-01T14:56:25","slug":"acrj-promove-painel-para-discutir-esporte-como-prevencao-a-violencia","status":"publish","type":"post","link":"https:\/\/acrj.org.br\/index.php\/2018\/08\/14\/acrj-promove-painel-para-discutir-esporte-como-prevencao-a-violencia\/","title":{"rendered":"ACRJ promove painel para discutir esporte como preven\u00e7\u00e3o \u00e0 viol\u00eancia"},"content":{"rendered":"\n<p>A Associa\u00e7\u00e3o Comercial do Rio de Janeiro promoveu o painel \u201cEsporte Como Preven\u00e7\u00e3o \u00e0 Viol\u00eancia\u201d na \u00faltima quinta-feira, 2 de agosto, com a presen\u00e7a de importantes nomes do esporte nacional para debater a import\u00e2ncia dessas duas iniciativas andarem juntas. Foram discutidas as Medidas Provis\u00f3ria 841 e 846: a primeira, aprovada em junho, retira recursos da Loteria Federal antes repassados a diversas \u00e1reas sociais, como o esporte, e redireciona para o Fundo de Seguran\u00e7a P\u00fablica; a segunda, que faz altera\u00e7\u00f5es na MP 841, foi publicada no dia 31 de julho e restabelece os repasses da loteria que haviam ido modificados pela 841 para o esporte. Assim, a \u00e1rea voltar\u00e1 a receber R$ 630 milh\u00f5es.<\/p>\n\n\n\n<p>O general de divis\u00e3o Jorge Ant\u00f4nio Smicelato, diretor do Departamento de Desporto Militar do Minist\u00e9rio da Defesa, apresentou alguns projetos desenvolvidos pelas For\u00e7as Armadas para democratizar o acesso \u00e0 pr\u00e1tica da cultura do esporte. \u201cSabemos que o acesso ao esporte, principalmente pelos valores que est\u00e3o por tr\u00e1s da pr\u00e1tica, s\u00e3o importantes para o desenvolvimento da cidadania\u201d, avaliou. O militar explicou que uma das parcerias que est\u00e1 sendo estabelecida mas ainda n\u00e3o est\u00e1 efetivada, \u00e9 com o Comit\u00ea Ol\u00edmpico Brasileiro. \u201cCom 23 mil crian\u00e7as atendidas, temos muito potencial para encontrar talentos\u201d, explicou o general.<\/p>\n\n\n\n<p>Para a vice-presidente do Conselho Empresarial do Esporte e CEO da ONG Sou do Esporte, Fabiana Bentes, \u00e9 necess\u00e1rio o Minist\u00e9rio da Defesa investir tamb\u00e9m em atletas de alto rendimento, que s\u00e3o grandes inspira\u00e7\u00f5es para os alunos. Al\u00e9m disso, Fabiana comentou sobre as dificuldades enfrentadas por professores e jovens em regi\u00f5es como o complexo de favelas da Mar\u00e9. \u201c\u00c9 muito dif\u00edcil trabalhar com esses profissionais, que n\u00e3o s\u00e3o soldados, e resgatar a autoestima deles. Eles chegam para dar aulas para crian\u00e7as que tamb\u00e9m est\u00e3o em zonas de confronto\u201d, avalia. \u201cH\u00e1, de um lado, uma falta de responsabilidade que vai crescendo assustadoramente dos governos, em trabalhar as comunidades de uma forma mais positiva. E, de outro, uma falta de vis\u00e3o de infraestrutura, de criar oportunidades, com qualidade\u201d, completa.<\/p>\n\n\n\n<p>Sobre menores infratores, a CEO do Sou do Esporte fez uma an\u00e1lise: \u201cEstamos com um problema forte de menores infratores. N\u00e3o apenas pela legisla\u00e7\u00e3o, mas pela lota\u00e7\u00e3o de centro de deten\u00e7\u00e3o de menores. A primeira recomenda\u00e7\u00e3o \u00e9 que haja um programa de apoio do Minist\u00e9rio da Defesa para menores infratores. Isso pode ser uma parceria com o sistema S, n\u00e3o s\u00f3 de capacita\u00e7\u00e3o t\u00e9cnica, mas como oportunidade de desenvolvimento esportivo dentro desses centros\u201d, sugeriu. \u201cPrecisamos ocupar a cabe\u00e7a desses garotos e mostrar que h\u00e1 outra oportunidade de vida\u201d, finalizou Fabiana. (LI AT\u00c9 AQUI)<\/p>\n\n\n\n<p>Outro convidado que falou sobre suas experi\u00eancias no evento foi o atleta de nata\u00e7\u00e3o da Vila Ol\u00edmpica da Mar\u00e9 e do Botafogo de Futebol e Regatas, Vin\u00edcius Pereira de Souza. \u201cA vila e o esporte sempre me ajudaram muito. Tenho muitos amigos que est\u00e3o no tr\u00e1fico e me dizem para continuar a nadar, porque essa vida que eles est\u00e3o n\u00e3o \u00e9 legal\u201d, explicou o jovem. \u201cGra\u00e7as \u00e0 nata\u00e7\u00e3o e ao esporte, esse ano eu tive a felicidade de ganhar uma bolsa de 100% na faculdade onde eu estou cursando Educa\u00e7\u00e3o F\u00edsica, fazendo est\u00e1gio, que \u00e9 o meu ganha p\u00e3o e o ganha p\u00e3o l\u00e1 de casa\u201d, contou Vin\u00edcius.<\/p>\n\n\n\n<p>Participaram do evento ainda os presidentes dos Conselhos Empresariais de Esporte e Seguran\u00e7a da ACRJ, Lars Grael e Luciano Saldanha, al\u00e9m do Tenente Brigadeiro Ricardo Machado, coronel reformado Marco La Porta, da Confedera\u00e7\u00e3o Brasileira de Triathlon e Helio Meirelles, da Confedera\u00e7\u00e3o Brasileira de Pentatlo Moderno.<\/p>\n\n\n\n<p class=\"has-text-align-right\"><strong>Textual Comunica\u00e7\u00e3o<br><\/strong>Assessoria de Imprensa da Associa\u00e7\u00e3o Comercial do Rio de Janeiro (ACRJ)<br><a href=\"http:\/\/www.textual.com.br\/\">http:\/\/www.textual.com.br<\/a>&nbsp;<\/p>\n","protected":false},"excerpt":{"rendered":"<p>A Associa\u00e7\u00e3o Comercial do Rio de Janeiro promoveu o painel \u201cEsporte Como Preven\u00e7\u00e3o \u00e0 Viol\u00eancia\u201d na \u00faltima quinta-feira, 2 de agosto, com a presen\u00e7a de&hellip;<\/p>\n","protected":false},"author":1,"featured_media":2747,"comment_status":"closed","ping_status":"open","sticky":false,"template":"","format":"standard","meta":{"_exactmetrics_skip_tracking":false,"_exactmetrics_sitenote_active":false,"_exactmetrics_sitenote_note":"","_exactmetrics_sitenote_category":0,"footnotes":""},"categories":[10],"tags":[],"class_list":["post-2746","post","type-post","status-publish","format-standard","has-post-thumbnail","hentry","category-noticias"],"_links":{"self":[{"href":"https:\/\/acrj.org.br\/index.php\/wp-json\/wp\/v2\/posts\/2746","targetHints":{"allow":["GET"]}}],"collection":[{"href":"https:\/\/acrj.org.br\/index.php\/wp-json\/wp\/v2\/posts"}],"about":[{"href":"https:\/\/acrj.org.br\/index.php\/wp-json\/wp\/v2\/types\/post"}],"author":[{"embeddable":true,"href":"https:\/\/acrj.org.br\/index.php\/wp-json\/wp\/v2\/users\/1"}],"replies":[{"embeddable":true,"href":"https:\/\/acrj.org.br\/index.php\/wp-json\/wp\/v2\/comments?post=2746"}],"version-history":[{"count":0,"href":"https:\/\/acrj.org.br\/index.php\/wp-json\/wp\/v2\/posts\/2746\/revisions"}],"wp:featuredmedia":[{"embeddable":true,"href":"https:\/\/acrj.org.br\/index.php\/wp-json\/wp\/v2\/media\/2747"}],"wp:attachment":[{"href":"https:\/\/acrj.org.br\/index.php\/wp-json\/wp\/v2\/media?parent=2746"}],"wp:term":[{"taxonomy":"category","embeddable":true,"href":"https:\/\/acrj.org.br\/index.php\/wp-json\/wp\/v2\/categories?post=2746"},{"taxonomy":"post_tag","embeddable":true,"href":"https:\/\/acrj.org.br\/index.php\/wp-json\/wp\/v2\/tags?post=2746"}],"curies":[{"name":"wp","href":"https:\/\/api.w.org\/{rel}","templated":true}]}}