{"id":2728,"date":"2018-03-23T10:45:00","date_gmt":"2018-03-23T13:45:00","guid":{"rendered":"http:\/\/acrj2020.profissional.ws\/?p=2728"},"modified":"2020-07-10T13:23:41","modified_gmt":"2020-07-10T16:23:41","slug":"presidentes-dos-conselhos-empresariais-da-acrj-se-reunem-para-aprovar-agenda-positiva-acrj","status":"publish","type":"post","link":"https:\/\/acrj.org.br\/index.php\/2018\/03\/23\/presidentes-dos-conselhos-empresariais-da-acrj-se-reunem-para-aprovar-agenda-positiva-acrj\/","title":{"rendered":"Presidentes dos Conselhos Empresariais da ACRJ se re\u00fanem para aprovar Agenda Positiva ACRJ"},"content":{"rendered":"\n<p>A Associa\u00e7\u00e3o Comercial do Rio de Janeiro (ACRJ) promoveu, no dia 23 de agosto, encontro de todos os Presidentes dos Conselhos Empresariais da entidade.&nbsp;<\/p>\n\n\n\n<p>Durante a reuni\u00e3o, a Presidente da ACRJ, Angela Costa, elogiou os l\u00edderes de Conselhos Empresarias e o Vice-presidente de Rela\u00e7\u00f5es Institucionais e coordenador dos Conselhos Empresariais, Jos\u00e9 Domingos Vargas, pelo trabalho desenvolvido ao longo do ano no debate e articula\u00e7\u00e3o de temas que s\u00e3o de interesse ao empresariado fluminense. Na ocasi\u00e3o, foi aprovada a Agenda Positiva que ser\u00e1 entregue pela ACRJ a todos os candidatos ao Governo Federal e ao Governo Estadual.&nbsp;<\/p>\n\n\n\n<p>A agenda consiste em propostas de diferentes \u00e1reas que a ACRJ considera relevantes para o Brasil e para o Rio de Janeiro em busca da retomada do desenvolvimento.&nbsp;<\/p>\n\n\n\n<p>Saiba mais sobre os\u00a0<a href=\"https:\/\/acrj.org.br\/index.php\/blog\/\">Conselhos Empresariais da ACRJ<\/a>\u00a0.<\/p>\n","protected":false},"excerpt":{"rendered":"<p>A Associa\u00e7\u00e3o Comercial do Rio de Janeiro (ACRJ) promoveu, no dia 23 de agosto, encontro de todos os Presidentes dos Conselhos Empresariais da entidade.&nbsp; Durante&hellip;<\/p>\n","protected":false},"author":1,"featured_media":2729,"comment_status":"closed","ping_status":"open","sticky":false,"template":"","format":"standard","meta":{"_exactmetrics_skip_tracking":false,"_exactmetrics_sitenote_active":false,"_exactmetrics_sitenote_note":"","_exactmetrics_sitenote_category":0,"footnotes":""},"categories":[10],"tags":[],"class_list":["post-2728","post","type-post","status-publish","format-standard","has-post-thumbnail","hentry","category-noticias"],"_links":{"self":[{"href":"https:\/\/acrj.org.br\/index.php\/wp-json\/wp\/v2\/posts\/2728","targetHints":{"allow":["GET"]}}],"collection":[{"href":"https:\/\/acrj.org.br\/index.php\/wp-json\/wp\/v2\/posts"}],"about":[{"href":"https:\/\/acrj.org.br\/index.php\/wp-json\/wp\/v2\/types\/post"}],"author":[{"embeddable":true,"href":"https:\/\/acrj.org.br\/index.php\/wp-json\/wp\/v2\/users\/1"}],"replies":[{"embeddable":true,"href":"https:\/\/acrj.org.br\/index.php\/wp-json\/wp\/v2\/comments?post=2728"}],"version-history":[{"count":0,"href":"https:\/\/acrj.org.br\/index.php\/wp-json\/wp\/v2\/posts\/2728\/revisions"}],"wp:featuredmedia":[{"embeddable":true,"href":"https:\/\/acrj.org.br\/index.php\/wp-json\/wp\/v2\/media\/2729"}],"wp:attachment":[{"href":"https:\/\/acrj.org.br\/index.php\/wp-json\/wp\/v2\/media?parent=2728"}],"wp:term":[{"taxonomy":"category","embeddable":true,"href":"https:\/\/acrj.org.br\/index.php\/wp-json\/wp\/v2\/categories?post=2728"},{"taxonomy":"post_tag","embeddable":true,"href":"https:\/\/acrj.org.br\/index.php\/wp-json\/wp\/v2\/tags?post=2728"}],"curies":[{"name":"wp","href":"https:\/\/api.w.org\/{rel}","templated":true}]}}