{"id":27219,"date":"2024-07-05T12:46:10","date_gmt":"2024-07-05T15:46:10","guid":{"rendered":"https:\/\/acrj.org.br\/?p=27219"},"modified":"2024-07-05T13:07:53","modified_gmt":"2024-07-05T16:07:53","slug":"acrj-participa-de-evento-com-o-prefeito-da-provincia-chinesa-de-shandong","status":"publish","type":"post","link":"https:\/\/acrj.org.br\/index.php\/2024\/07\/05\/acrj-participa-de-evento-com-o-prefeito-da-provincia-chinesa-de-shandong\/","title":{"rendered":"ACRJ participa de evento com o prefeito da prov\u00edncia chinesa de Shandong"},"content":{"rendered":"\n<p><br>A conselheira Ana L\u00facia Loureiro, membro do Conselho Empresarial de Rela\u00e7\u00f5es Internacionais e Com\u00e9rcio Exterior da ACRJ, representou a presid\u00eancia da Associa\u00e7\u00e3o Comercial, dia 3 de julho, no almo\u00e7o executivo realizado com o prefeito de Jinan, Yu Haitian, da Prov\u00edncia de Shandong, da Rep\u00fablica Popular da China. <\/p>\n\n\n\n<p>O objetivo do encontro foi estabelecer uma comunica\u00e7\u00e3o produtiva entre os participantes e discutir quest\u00f5es de coopera\u00e7\u00e3o bilateral em diversas \u00e1reas comerciais e governamentais, com o intuito de promover o desenvolvimento econ\u00f4mico.<\/p>\n","protected":false},"excerpt":{"rendered":"<p>A conselheira Ana L\u00facia Loureiro, membro do Conselho Empresarial de Rela\u00e7\u00f5es Internacionais e Com\u00e9rcio Exterior da ACRJ, representou a presid\u00eancia da Associa\u00e7\u00e3o Comercial, dia 3&hellip;<\/p>\n","protected":false},"author":3,"featured_media":27220,"comment_status":"closed","ping_status":"closed","sticky":false,"template":"","format":"standard","meta":{"_exactmetrics_skip_tracking":false,"_exactmetrics_sitenote_active":false,"_exactmetrics_sitenote_note":"","_exactmetrics_sitenote_category":0,"footnotes":""},"categories":[56],"tags":[],"class_list":["post-27219","post","type-post","status-publish","format-standard","has-post-thumbnail","hentry","category-destaque_conselhos"],"_links":{"self":[{"href":"https:\/\/acrj.org.br\/index.php\/wp-json\/wp\/v2\/posts\/27219","targetHints":{"allow":["GET"]}}],"collection":[{"href":"https:\/\/acrj.org.br\/index.php\/wp-json\/wp\/v2\/posts"}],"about":[{"href":"https:\/\/acrj.org.br\/index.php\/wp-json\/wp\/v2\/types\/post"}],"author":[{"embeddable":true,"href":"https:\/\/acrj.org.br\/index.php\/wp-json\/wp\/v2\/users\/3"}],"replies":[{"embeddable":true,"href":"https:\/\/acrj.org.br\/index.php\/wp-json\/wp\/v2\/comments?post=27219"}],"version-history":[{"count":0,"href":"https:\/\/acrj.org.br\/index.php\/wp-json\/wp\/v2\/posts\/27219\/revisions"}],"wp:featuredmedia":[{"embeddable":true,"href":"https:\/\/acrj.org.br\/index.php\/wp-json\/wp\/v2\/media\/27220"}],"wp:attachment":[{"href":"https:\/\/acrj.org.br\/index.php\/wp-json\/wp\/v2\/media?parent=27219"}],"wp:term":[{"taxonomy":"category","embeddable":true,"href":"https:\/\/acrj.org.br\/index.php\/wp-json\/wp\/v2\/categories?post=27219"},{"taxonomy":"post_tag","embeddable":true,"href":"https:\/\/acrj.org.br\/index.php\/wp-json\/wp\/v2\/tags?post=27219"}],"curies":[{"name":"wp","href":"https:\/\/api.w.org\/{rel}","templated":true}]}}