{"id":27178,"date":"2024-07-04T20:30:00","date_gmt":"2024-07-04T23:30:00","guid":{"rendered":"https:\/\/acrj.org.br\/?p=27178"},"modified":"2024-07-04T16:14:30","modified_gmt":"2024-07-04T19:14:30","slug":"uso-do-hidrogenio-como-combustivel-zero-emissoes","status":"publish","type":"post","link":"https:\/\/acrj.org.br\/index.php\/2024\/07\/04\/uso-do-hidrogenio-como-combustivel-zero-emissoes\/","title":{"rendered":"Uso do hidr\u00f4genio como combust\u00edvel &#8211; zero emiss\u00f5es"},"content":{"rendered":"\n<p>O tema deste epis\u00f3dio do <strong>Podcast RJ Mais Neg\u00f3icos ACRJ<\/strong> \u00e9 o uso do hidrog\u00eanio como combust\u00edvel em \u00f4nibius e caminh\u00f5es. ESta \u00e9 uma solu\u00e7\u00e3o sustent\u00e1vel para problemas de mobilidade urbana do Brasil, segundo estudo do PNUD. O uso dos Royalties no desenvolvimento de solu\u00e7\u00f5es menos impactantes ao planeta, o case da cidade fluminense de Maric\u00e1 e o uso dos Royalties no desenvolvimento de solu\u00e7\u00f5es menos impactantes ao planeta foram debatidos pelo professor da Coppe e presidente da Associa\u00e7\u00e3o Brasileira de Hidrog\u00eanio, Paulo Em\u00edlio; o presidente do Conselho de Log\u00edstica e Transporte da ACRJ, Eduardo Rebuzzi; e o subsecret\u00e1rio de Desenvolvimento Econ\u00f4mico, Com\u00e9rcio, Ind\u00fastria, Petr\u00f3leo e Portos de Maric\u00e1, Magnun Assump\u00e7\u00e3o Amado.<\/p>\n\n\n\n<p>Dispon\u00edvel no Canal ACRJ Divulga<\/p>\n\n\n\n<p><strong><a href=\"https:\/\/youtu.be\/XI594VgamiI\">Acesse aqui<\/a><\/strong><\/p>\n\n\n\n<figure class=\"wp-block-image size-large is-resized\"><img fetchpriority=\"high\" decoding=\"async\" width=\"1024\" height=\"584\" src=\"https:\/\/acrj.org.br\/wp-content\/uploads\/2024\/07\/hidrogenio-1-1024x584.jpg\" alt=\"\" class=\"wp-image-27185\" style=\"width:360px\" srcset=\"https:\/\/acrj.org.br\/wp-content\/uploads\/2024\/07\/hidrogenio-1-1024x584.jpg 1024w, https:\/\/acrj.org.br\/wp-content\/uploads\/2024\/07\/hidrogenio-1-300x171.jpg 300w, https:\/\/acrj.org.br\/wp-content\/uploads\/2024\/07\/hidrogenio-1-768x438.jpg 768w, https:\/\/acrj.org.br\/wp-content\/uploads\/2024\/07\/hidrogenio-1-1536x877.jpg 1536w, https:\/\/acrj.org.br\/wp-content\/uploads\/2024\/07\/hidrogenio-1-600x342.jpg 600w, https:\/\/acrj.org.br\/wp-content\/uploads\/2024\/07\/hidrogenio-1.jpg 2020w\" sizes=\"(max-width: 1024px) 100vw, 1024px\" \/><\/figure>\n","protected":false},"excerpt":{"rendered":"<p>O tema deste epis\u00f3dio do Podcast RJ Mais Neg\u00f3icos ACRJ \u00e9 o uso do hidrog\u00eanio como combust\u00edvel em \u00f4nibius e caminh\u00f5es. ESta \u00e9 uma solu\u00e7\u00e3o&hellip;<\/p>\n","protected":false},"author":3,"featured_media":26897,"comment_status":"closed","ping_status":"closed","sticky":false,"template":"","format":"standard","meta":{"_exactmetrics_skip_tracking":false,"_exactmetrics_sitenote_active":false,"_exactmetrics_sitenote_note":"","_exactmetrics_sitenote_category":0,"footnotes":""},"categories":[10],"tags":[],"class_list":["post-27178","post","type-post","status-publish","format-standard","has-post-thumbnail","hentry","category-noticias"],"_links":{"self":[{"href":"https:\/\/acrj.org.br\/index.php\/wp-json\/wp\/v2\/posts\/27178","targetHints":{"allow":["GET"]}}],"collection":[{"href":"https:\/\/acrj.org.br\/index.php\/wp-json\/wp\/v2\/posts"}],"about":[{"href":"https:\/\/acrj.org.br\/index.php\/wp-json\/wp\/v2\/types\/post"}],"author":[{"embeddable":true,"href":"https:\/\/acrj.org.br\/index.php\/wp-json\/wp\/v2\/users\/3"}],"replies":[{"embeddable":true,"href":"https:\/\/acrj.org.br\/index.php\/wp-json\/wp\/v2\/comments?post=27178"}],"version-history":[{"count":0,"href":"https:\/\/acrj.org.br\/index.php\/wp-json\/wp\/v2\/posts\/27178\/revisions"}],"wp:featuredmedia":[{"embeddable":true,"href":"https:\/\/acrj.org.br\/index.php\/wp-json\/wp\/v2\/media\/26897"}],"wp:attachment":[{"href":"https:\/\/acrj.org.br\/index.php\/wp-json\/wp\/v2\/media?parent=27178"}],"wp:term":[{"taxonomy":"category","embeddable":true,"href":"https:\/\/acrj.org.br\/index.php\/wp-json\/wp\/v2\/categories?post=27178"},{"taxonomy":"post_tag","embeddable":true,"href":"https:\/\/acrj.org.br\/index.php\/wp-json\/wp\/v2\/tags?post=27178"}],"curies":[{"name":"wp","href":"https:\/\/api.w.org\/{rel}","templated":true}]}}