{"id":27081,"date":"2024-07-01T18:33:00","date_gmt":"2024-07-01T21:33:00","guid":{"rendered":"https:\/\/acrj.org.br\/?p=27081"},"modified":"2024-07-02T11:04:00","modified_gmt":"2024-07-02T14:04:00","slug":"27081","status":"publish","type":"post","link":"https:\/\/acrj.org.br\/index.php\/2024\/07\/01\/27081\/","title":{"rendered":"ACRJ entrega Pr\u00eamio Mau\u00e1 \u2013 Empres\u00e1rio do Ano a Jo\u00e3o Barreto, s\u00f3cio-fundador da Orla Rio"},"content":{"rendered":"\n<p>Uma manh\u00e3 de muitas homenagens marcou a entrega do <strong>Pr\u00eamio Mau\u00e1 &#8211; Empres\u00e1rio do Ano 2024,<\/strong> concedido pela Associa\u00e7\u00e3o Comercial do Rio de Janeiro, ao empres\u00e1rio Jo\u00e3o Barreto, s\u00f3cio-fundador da Orla Rio, nesta 2\u00aa feira, 1\u00ba de julho. O pr\u00eamio \u00e9 concedido pela ACRJ a empres\u00e1rios com neg\u00f3cios estabelecidos no Rio de Janeiro. Jo\u00e3o Barreto foi eleito por unanimidade pelo Comit\u00ea de Elegibilidade por sua atua\u00e7\u00e3o como empreendedor vision\u00e1rio, estrat\u00e9gico, inovador e pioneiro em sua \u00e1rea.<\/p>\n\n\n\n<p>O evento contou com a presen\u00e7a da famil\u00eda do homenageado, representada pelos filhos, Gigi, Daniela e Jo\u00e3o Marcello, netos, a esposa Michelle Trindade, al\u00e9m de personalidades dos setores empresarial e pol\u00edtico, como o presidente da C\u00e2mara de Vereadores do Rio, Carlo Caiado; o presidente da Embratur, Marcelo Freixo; o secret\u00e1rio municipal da Casa Civil, Eduardo Cavaliere, representando o prefeito Eduardo Paes; o presidente do Conselho Superior da ACRJ, Ruy Barreto; al\u00e9m de Grandes Benem\u00e9ritos e Benem\u00e9ritos, vice-presidentes, diretores e conselheiros da Casa de Mau\u00e1.<\/p>\n\n\n\n<p>\u201cJo\u00e3o Barreto \u00e9 uma dessas figuras que honra o Nordeste, o Brasil e, em especial, o Rio de Janeiro. Um empreendedor determinado, apaixonado e vision\u00e1rio que se transformou, com muito trabalho, em um dos maiores empres\u00e1rios desta cidade e criou esta magn\u00edfica estrutura Orla Rio, que contribui de forma decisiva para o desenvolvimento do turismo sustent\u00e1vel no Brasil, fortalecendo suas iniciativas de ESG que s\u00e3o alinhadas aos Objetivos de Desenvolvimento Sustent\u00e1vel (ODS) estabelecidos pela ONU\u201d, disse o presidente da ACRJ, Josier Vilar, na abertura do evento.<\/p>\n\n\n\n<p>Josier Vilar destacou ainda \u201csua atua\u00e7\u00e3o empreendedora, inovadora e pioneira. \u00c9 como muita honra que entrego este Pr\u00eamio Mau\u00e1 Empres\u00e1rio do Ano 2024, justamente neste m\u00eas, em que a Associa\u00e7\u00e3o Comercial do Rio de Janeiro completa 215 anos\u201d, completou o presidente da ACRJ.<\/p>\n\n\n\n<p>O empres\u00e1rio \u00e9 o primeiro homenageado da atual gest\u00e3o da ACRJ, que completa 215 anos em 15 de julho. Jo\u00e3o Barreto receber\u00e1 como pr\u00eamio um busto de bronze com a imagem do empres\u00e1rio Irineu Evangelista de Sousa, o Bar\u00e3o de Mau\u00e1, patrono da ACRJ. O busto \u00e9 de autoria do artista pl\u00e1stico Edgard Duvivier.<\/p>\n\n\n\n<p><strong>Sobre o homenageado<\/strong><\/p>\n\n\n\n<p>Jo\u00e3o Barreto nasceu em 1945, em Peixe Gordo, um pequeno vilarejo praiano no interior do Cear\u00e1, pr\u00f3ximo \u00e0 divisa com o Rio Grande do Norte. Foi o ca\u00e7ula de cinco irm\u00e3os. Se mudou para o Rio de Janeiro em 1959 e come\u00e7ou a trabalhar como office boy em um escrit\u00f3rio de representa\u00e7\u00e3o de brinquedos.<\/p>\n\n\n\n<p>Jo\u00e3o Barreto sempre teve um esp\u00edrito empreendedor. Aos 17 anos, comprou uma m\u00e1quina de churrasquinho grego e come\u00e7ou seu pr\u00f3prio neg\u00f3cio. Nesta \u00e9poca conheceu a esposa Jandyra e nos anos 60, eles expandiram suas atividades.<\/p>\n\n\n\n<p>Em 1969, formalizaram a empresa Jonn\u2019s G\u00eaneros Aliment\u00edcios, que cresceu rapidamente, chegando a operar 315 quiosques na orla carioca. No ano 2000, Jo\u00e3o Barreto conseguiu a concess\u00e3o para operar os quiosques na orla do Rio de Janeiro, consolidando sua posi\u00e7\u00e3o como um dos principais operadores de servi\u00e7os na praia. A concess\u00e3o permitiu a expans\u00e3o dos neg\u00f3cios, padronizando os quiosques e implementando melhorias significativas na infraestrutura e nos servi\u00e7os oferecidos.<\/p>\n\n\n\n<p>Jo\u00e3o Barreto foi pioneiro na transforma\u00e7\u00e3o da orla do Rio de Janeiro em um espa\u00e7o democr\u00e1tico de lazer e conviv\u00eancia. Sua vis\u00e3o empreendedora e capacidade de mobiliza\u00e7\u00e3o, tornaram-no uma figura central na hist\u00f3ria da orla carioca. Al\u00e9m de seus neg\u00f3cios, Jo\u00e3o sempre se manteve pr\u00f3ximo da comunidade, sendo um l\u00edder respeitado e admirado.<\/p>\n\n\n\n<p>Jo\u00e3o e Jandyra tiveram tr\u00eas filhos: Daniele, Jo\u00e3o Marcello e Gigi, que cresceram em meio aos neg\u00f3cios da fam\u00edlia e se tornaram grandes parceiros dos pais.<\/p>\n\n\n\n<p>Confira alguns momentos da homenagem. <\/p>\n\n\n\n<p>O evento na \u00edntegra tamb\u00e9m pode ser acompanhado pelo Canal ACRJ Divulga. <a href=\"https:\/\/youtu.be\/0AgKBYsXLuA?feature=shared\"><strong>Acesse aqui <\/strong><\/a><\/p>\n\n\n\n<figure class=\"wp-block-image size-large is-resized\"><img fetchpriority=\"high\" decoding=\"async\" width=\"1024\" height=\"838\" src=\"https:\/\/acrj.org.br\/wp-content\/uploads\/2024\/07\/joao-barreto-1024x838.jpeg\" alt=\"\" class=\"wp-image-27088\" style=\"width:360px\" srcset=\"https:\/\/acrj.org.br\/wp-content\/uploads\/2024\/07\/joao-barreto-1024x838.jpeg 1024w, https:\/\/acrj.org.br\/wp-content\/uploads\/2024\/07\/joao-barreto-300x245.jpeg 300w, https:\/\/acrj.org.br\/wp-content\/uploads\/2024\/07\/joao-barreto-768x628.jpeg 768w, https:\/\/acrj.org.br\/wp-content\/uploads\/2024\/07\/joao-barreto-600x491.jpeg 600w, https:\/\/acrj.org.br\/wp-content\/uploads\/2024\/07\/joao-barreto.jpeg 1303w\" sizes=\"(max-width: 1024px) 100vw, 1024px\" \/><figcaption class=\"wp-element-caption\">Jo\u00e3o Barreto se emocionou com a homenagem<\/figcaption><\/figure>\n\n\n\n<figure class=\"wp-block-image size-large is-resized\"><img decoding=\"async\" width=\"1024\" height=\"682\" src=\"https:\/\/acrj.org.br\/wp-content\/uploads\/2024\/07\/caiado-e-grupo-1024x682.jpeg\" alt=\"\" class=\"wp-image-27083\" style=\"width:360px\" srcset=\"https:\/\/acrj.org.br\/wp-content\/uploads\/2024\/07\/caiado-e-grupo-1024x682.jpeg 1024w, https:\/\/acrj.org.br\/wp-content\/uploads\/2024\/07\/caiado-e-grupo-300x200.jpeg 300w, https:\/\/acrj.org.br\/wp-content\/uploads\/2024\/07\/caiado-e-grupo-768x512.jpeg 768w, https:\/\/acrj.org.br\/wp-content\/uploads\/2024\/07\/caiado-e-grupo-1536x1023.jpeg 1536w, https:\/\/acrj.org.br\/wp-content\/uploads\/2024\/07\/caiado-e-grupo-600x400.jpeg 600w, https:\/\/acrj.org.br\/wp-content\/uploads\/2024\/07\/caiado-e-grupo.jpeg 1600w\" sizes=\"(max-width: 1024px) 100vw, 1024px\" \/><figcaption class=\"wp-element-caption\">Carlo Caiado, Josier Vilar, Jo\u00e3o Barreto, Jo\u00e3o Marcello e Eduardo Cavaliere<\/figcaption><\/figure>\n\n\n\n<figure class=\"wp-block-image size-large is-resized\"><img decoding=\"async\" width=\"1024\" height=\"682\" src=\"https:\/\/acrj.org.br\/wp-content\/uploads\/2024\/07\/salao-1024x682.jpg\" alt=\"\" class=\"wp-image-27089\" style=\"width:360px\" srcset=\"https:\/\/acrj.org.br\/wp-content\/uploads\/2024\/07\/salao-1024x682.jpg 1024w, https:\/\/acrj.org.br\/wp-content\/uploads\/2024\/07\/salao-300x200.jpg 300w, https:\/\/acrj.org.br\/wp-content\/uploads\/2024\/07\/salao-768x512.jpg 768w, https:\/\/acrj.org.br\/wp-content\/uploads\/2024\/07\/salao-1536x1024.jpg 1536w, https:\/\/acrj.org.br\/wp-content\/uploads\/2024\/07\/salao-600x400.jpg 600w, https:\/\/acrj.org.br\/wp-content\/uploads\/2024\/07\/salao.jpg 1688w\" sizes=\"(max-width: 1024px) 100vw, 1024px\" \/><figcaption class=\"wp-element-caption\">Amigos, familiares, autoridades e empres\u00e1rios prestigiram o evento<\/figcaption><\/figure>\n\n\n\n<figure class=\"wp-block-image size-large is-resized\"><img loading=\"lazy\" decoding=\"async\" width=\"1024\" height=\"682\" src=\"https:\/\/acrj.org.br\/wp-content\/uploads\/2024\/07\/freixo-1024x682.jpeg\" alt=\"\" class=\"wp-image-27084\" style=\"width:360px\" srcset=\"https:\/\/acrj.org.br\/wp-content\/uploads\/2024\/07\/freixo-1024x682.jpeg 1024w, https:\/\/acrj.org.br\/wp-content\/uploads\/2024\/07\/freixo-300x200.jpeg 300w, https:\/\/acrj.org.br\/wp-content\/uploads\/2024\/07\/freixo-768x512.jpeg 768w, https:\/\/acrj.org.br\/wp-content\/uploads\/2024\/07\/freixo-1536x1023.jpeg 1536w, https:\/\/acrj.org.br\/wp-content\/uploads\/2024\/07\/freixo-600x400.jpeg 600w, https:\/\/acrj.org.br\/wp-content\/uploads\/2024\/07\/freixo.jpeg 1600w\" sizes=\"(max-width: 1024px) 100vw, 1024px\" \/><figcaption class=\"wp-element-caption\">Gigi, Jo\u00e3o Barreto, Marcelo Freixo, Josier Vilar e Jo\u00e3o Marcello<\/figcaption><\/figure>\n\n\n\n<figure class=\"wp-block-image size-large is-resized\"><img loading=\"lazy\" decoding=\"async\" width=\"1024\" height=\"682\" src=\"https:\/\/acrj.org.br\/wp-content\/uploads\/2024\/07\/familia-1024x682.jpg\" alt=\"\" class=\"wp-image-27087\" style=\"width:360px\" srcset=\"https:\/\/acrj.org.br\/wp-content\/uploads\/2024\/07\/familia-1024x682.jpg 1024w, https:\/\/acrj.org.br\/wp-content\/uploads\/2024\/07\/familia-300x200.jpg 300w, https:\/\/acrj.org.br\/wp-content\/uploads\/2024\/07\/familia-768x512.jpg 768w, https:\/\/acrj.org.br\/wp-content\/uploads\/2024\/07\/familia-1536x1023.jpg 1536w, https:\/\/acrj.org.br\/wp-content\/uploads\/2024\/07\/familia-600x400.jpg 600w, https:\/\/acrj.org.br\/wp-content\/uploads\/2024\/07\/familia.jpg 1599w\" sizes=\"(max-width: 1024px) 100vw, 1024px\" \/><figcaption class=\"wp-element-caption\">Parte da fam\u00edlia e amigos<\/figcaption><\/figure>\n\n\n\n<p>Fotos: Divulga\u00e7\u00e3o ACRJ\/Kaique Galiza<\/p>\n","protected":false},"excerpt":{"rendered":"<p>Uma manh\u00e3 de muitas homenagens marcou a entrega do Pr\u00eamio Mau\u00e1 &#8211; Empres\u00e1rio do Ano 2024, concedido pela Associa\u00e7\u00e3o Comercial do Rio de Janeiro, ao&hellip;<\/p>\n","protected":false},"author":3,"featured_media":27082,"comment_status":"closed","ping_status":"closed","sticky":false,"template":"","format":"standard","meta":{"_exactmetrics_skip_tracking":false,"_exactmetrics_sitenote_active":false,"_exactmetrics_sitenote_note":"","_exactmetrics_sitenote_category":0,"footnotes":""},"categories":[6],"tags":[],"class_list":["post-27081","post","type-post","status-publish","format-standard","has-post-thumbnail","hentry","category-destaque_noticias"],"_links":{"self":[{"href":"https:\/\/acrj.org.br\/index.php\/wp-json\/wp\/v2\/posts\/27081","targetHints":{"allow":["GET"]}}],"collection":[{"href":"https:\/\/acrj.org.br\/index.php\/wp-json\/wp\/v2\/posts"}],"about":[{"href":"https:\/\/acrj.org.br\/index.php\/wp-json\/wp\/v2\/types\/post"}],"author":[{"embeddable":true,"href":"https:\/\/acrj.org.br\/index.php\/wp-json\/wp\/v2\/users\/3"}],"replies":[{"embeddable":true,"href":"https:\/\/acrj.org.br\/index.php\/wp-json\/wp\/v2\/comments?post=27081"}],"version-history":[{"count":0,"href":"https:\/\/acrj.org.br\/index.php\/wp-json\/wp\/v2\/posts\/27081\/revisions"}],"wp:featuredmedia":[{"embeddable":true,"href":"https:\/\/acrj.org.br\/index.php\/wp-json\/wp\/v2\/media\/27082"}],"wp:attachment":[{"href":"https:\/\/acrj.org.br\/index.php\/wp-json\/wp\/v2\/media?parent=27081"}],"wp:term":[{"taxonomy":"category","embeddable":true,"href":"https:\/\/acrj.org.br\/index.php\/wp-json\/wp\/v2\/categories?post=27081"},{"taxonomy":"post_tag","embeddable":true,"href":"https:\/\/acrj.org.br\/index.php\/wp-json\/wp\/v2\/tags?post=27081"}],"curies":[{"name":"wp","href":"https:\/\/api.w.org\/{rel}","templated":true}]}}