{"id":27019,"date":"2024-07-01T09:00:00","date_gmt":"2024-07-01T12:00:00","guid":{"rendered":"https:\/\/acrj.org.br\/?p=27019"},"modified":"2024-11-12T15:40:38","modified_gmt":"2024-11-12T18:40:38","slug":"representantes-do-consulado-do-japao-participam-da-serie-cafe-com-consul","status":"publish","type":"post","link":"https:\/\/acrj.org.br\/index.php\/2024\/07\/01\/representantes-do-consulado-do-japao-participam-da-serie-cafe-com-consul\/","title":{"rendered":"Representantes do Consulado do Jap\u00e3o participam da s\u00e9rie \u201cCaf\u00e9 com C\u00f4nsul\u201d"},"content":{"rendered":"\n<p>A ACRJ recebe, dia 4 de julho, \u00e0s 9 horas, os representantes do Consulado do Jap\u00e3o, Ayato Sakaki e Sachi Nakano. Eles participam da s\u00e9rie \u201cCaf\u00e9 com C\u00f4nsul\u201d, uma iniciativa do Conselho Empresarial de Rela\u00e7\u00f5es Internacionais e Com\u00e9rcio Exterior da ACRJ.<\/p>\n\n\n\n<p><strong>As palestras ser\u00e3o apresentadas em ingl\u00eas, sem tradu\u00e7\u00e3o simult\u00e2nea.<\/strong><\/p>\n\n\n\n<p>O evento \u00e9 gratuito, mediante inscri\u00e7\u00e3o pr\u00e9via. Confira a programa\u00e7\u00e3o<\/p>\n\n\n\n<p>Vagas limitadas. <strong><a href=\"https:\/\/forms.gle\/7hmMFaD3bbe6ADDh8\">Acesse aqui\u00a0<\/a>para se inscrever<\/strong><\/p>\n\n\n\n<p><strong>SERVI\u00c7O<\/strong><\/p>\n\n\n\n<p>&#x1f5d3;&#xfe0f; Data: 4\/7\/2024<\/p>\n\n\n\n<p>&#x1f552; Hor\u00e1rio: 9 horas<\/p>\n\n\n\n<p>&#x1f3e2; Local: Sede da Associa\u00e7\u00e3o Comercial do RJ &#8211; ACRJ &#8211; Rua Candel\u00e1ria, 9\/12\u00ba andar &#8211; Centro &#8211; RJ<\/p>\n\n\n\n<p>&#x260e; Informa\u00e7\u00f5es: 2514-1203<\/p>\n","protected":false},"excerpt":{"rendered":"<p>A ACRJ recebe, dia 4 de julho, \u00e0s 9 horas, os representantes do Consulado do Jap\u00e3o, Ayato Sakaki e Sachi Nakano. Eles participam da s\u00e9rie&hellip;<\/p>\n","protected":false},"author":3,"featured_media":27021,"comment_status":"closed","ping_status":"closed","sticky":false,"template":"","format":"standard","meta":{"_exactmetrics_skip_tracking":false,"_exactmetrics_sitenote_active":false,"_exactmetrics_sitenote_note":"","_exactmetrics_sitenote_category":0,"footnotes":""},"categories":[55,83],"tags":[],"class_list":["post-27019","post","type-post","status-publish","format-standard","has-post-thumbnail","hentry","category-destaque_eventos","category-eventos_acrj"],"_links":{"self":[{"href":"https:\/\/acrj.org.br\/index.php\/wp-json\/wp\/v2\/posts\/27019","targetHints":{"allow":["GET"]}}],"collection":[{"href":"https:\/\/acrj.org.br\/index.php\/wp-json\/wp\/v2\/posts"}],"about":[{"href":"https:\/\/acrj.org.br\/index.php\/wp-json\/wp\/v2\/types\/post"}],"author":[{"embeddable":true,"href":"https:\/\/acrj.org.br\/index.php\/wp-json\/wp\/v2\/users\/3"}],"replies":[{"embeddable":true,"href":"https:\/\/acrj.org.br\/index.php\/wp-json\/wp\/v2\/comments?post=27019"}],"version-history":[{"count":0,"href":"https:\/\/acrj.org.br\/index.php\/wp-json\/wp\/v2\/posts\/27019\/revisions"}],"wp:featuredmedia":[{"embeddable":true,"href":"https:\/\/acrj.org.br\/index.php\/wp-json\/wp\/v2\/media\/27021"}],"wp:attachment":[{"href":"https:\/\/acrj.org.br\/index.php\/wp-json\/wp\/v2\/media?parent=27019"}],"wp:term":[{"taxonomy":"category","embeddable":true,"href":"https:\/\/acrj.org.br\/index.php\/wp-json\/wp\/v2\/categories?post=27019"},{"taxonomy":"post_tag","embeddable":true,"href":"https:\/\/acrj.org.br\/index.php\/wp-json\/wp\/v2\/tags?post=27019"}],"curies":[{"name":"wp","href":"https:\/\/api.w.org\/{rel}","templated":true}]}}