{"id":27014,"date":"2024-06-26T13:39:55","date_gmt":"2024-06-26T16:39:55","guid":{"rendered":"https:\/\/acrj.org.br\/?p=27014"},"modified":"2024-07-12T16:23:16","modified_gmt":"2024-07-12T19:23:16","slug":"presidente-da-acrj-participa-da-12a-edicao-do-forum-juridico-de-lisboa","status":"publish","type":"post","link":"https:\/\/acrj.org.br\/index.php\/2024\/06\/26\/presidente-da-acrj-participa-da-12a-edicao-do-forum-juridico-de-lisboa\/","title":{"rendered":"Presidente da ACRJ participa da 12\u00aa edi\u00e7\u00e3o do F\u00f3rum Jur\u00eddico de Lisboa"},"content":{"rendered":"\n<p>O presidente da ACRJ, Josier Vilar, participa nesta 5\u00aa feira (27\/6), da 12\u00aa edi\u00e7\u00e3o do F\u00f3rum Jur\u00eddico de Lisboa, que ser\u00e1 realizado na Faculdade de Direito da Universidade de Lisboa (FDUL). Organizado pelo Instituto Brasileiro de Ensino, Desenvolvimento e Pesquisa (IDP), pelo Lisbon Public Law Research Centre (LPL) da Faculdade de Direito da Universidade de Lisboa e pelo Centro de Inova\u00e7\u00e3o, Administra\u00e7\u00e3o e Pesquisa do Judici\u00e1rio &#8211; FGV Justi\u00e7a (FGV), o evento deste ano come\u00e7ou hoje e vai at\u00e9 o dia 28 de junho com o tema \u201cAvan\u00e7os e recuos da globaliza\u00e7\u00e3o e as novas fronteiras: transforma\u00e7\u00f5es jur\u00eddicas, pol\u00edticas, econ\u00f4micas, socioambientais e digitais\u201d.<\/p>\n\n\n\n<p>Josier Vilar participa, \u00e0s 16h15, do painel \u201cDireito \u00e0 Sa\u00fade na Sociedade Democr\u00e1tica\u201d, juntamente com Adalberto Campos Fernandes, ministro da Sa\u00fade da Rep\u00fablica Portuguesa (2015-2018); o Deputado Federal Doutor Luizinho; Let\u00edcia Garcia, Promotora de Justi\u00e7a do Minist\u00e9rio P\u00fablico do Estado do Paran\u00e1; Breno de Figueiredo Monteiro, presidente da Confedera\u00e7\u00e3o Nacional de Sa\u00fade; e Antonio Barra Torres, diretor-presidente da Ag\u00eancia Nacional de Vigil\u00e2ncia Sanit\u00e1ria (Anvisa). O moderador ser\u00e1 Jairo Gilberto Sch\u00e4fer, Juiz Federal da 2\u00aa Turma Recursal dos Juizados Especiais Federais de Santa Catarina.<\/p>\n\n\n\n<p>O F\u00f3rum re\u00fane acad\u00eamicos, gestores, especialistas, autoridades e representantes da sociedade civil organizada, do Brasil e da Europa, para dialogar e debater sobre a globaliza\u00e7\u00e3o e o impacto nas rela\u00e7\u00f5es entre Estados, institui\u00e7\u00f5es, empresas e povos.<\/p>\n\n\n\n<p>Outras informa\u00e7\u00f5es sobre o F\u00f3rum e a programa\u00e7\u00e3o completa <strong><a href=\"https:\/\/www.forumdelisboa.com\/2024\/inicio\">acesse aqui<\/a><\/strong><\/p>\n","protected":false},"excerpt":{"rendered":"<p>O presidente da ACRJ, Josier Vilar, participa nesta 5\u00aa feira (27\/6), da 12\u00aa edi\u00e7\u00e3o do F\u00f3rum Jur\u00eddico de Lisboa, que ser\u00e1 realizado na Faculdade de&hellip;<\/p>\n","protected":false},"author":3,"featured_media":27015,"comment_status":"closed","ping_status":"closed","sticky":false,"template":"","format":"standard","meta":{"_exactmetrics_skip_tracking":false,"_exactmetrics_sitenote_active":false,"_exactmetrics_sitenote_note":"","_exactmetrics_sitenote_category":0,"footnotes":""},"categories":[10],"tags":[],"class_list":["post-27014","post","type-post","status-publish","format-standard","has-post-thumbnail","hentry","category-noticias"],"_links":{"self":[{"href":"https:\/\/acrj.org.br\/index.php\/wp-json\/wp\/v2\/posts\/27014","targetHints":{"allow":["GET"]}}],"collection":[{"href":"https:\/\/acrj.org.br\/index.php\/wp-json\/wp\/v2\/posts"}],"about":[{"href":"https:\/\/acrj.org.br\/index.php\/wp-json\/wp\/v2\/types\/post"}],"author":[{"embeddable":true,"href":"https:\/\/acrj.org.br\/index.php\/wp-json\/wp\/v2\/users\/3"}],"replies":[{"embeddable":true,"href":"https:\/\/acrj.org.br\/index.php\/wp-json\/wp\/v2\/comments?post=27014"}],"version-history":[{"count":0,"href":"https:\/\/acrj.org.br\/index.php\/wp-json\/wp\/v2\/posts\/27014\/revisions"}],"wp:featuredmedia":[{"embeddable":true,"href":"https:\/\/acrj.org.br\/index.php\/wp-json\/wp\/v2\/media\/27015"}],"wp:attachment":[{"href":"https:\/\/acrj.org.br\/index.php\/wp-json\/wp\/v2\/media?parent=27014"}],"wp:term":[{"taxonomy":"category","embeddable":true,"href":"https:\/\/acrj.org.br\/index.php\/wp-json\/wp\/v2\/categories?post=27014"},{"taxonomy":"post_tag","embeddable":true,"href":"https:\/\/acrj.org.br\/index.php\/wp-json\/wp\/v2\/tags?post=27014"}],"curies":[{"name":"wp","href":"https:\/\/api.w.org\/{rel}","templated":true}]}}