{"id":2700,"date":"2018-09-05T09:26:00","date_gmt":"2018-09-05T12:26:00","guid":{"rendered":"http:\/\/acrj2020.profissional.ws\/?p=2700"},"modified":"2020-07-10T13:32:49","modified_gmt":"2020-07-10T16:32:49","slug":"equilibrio-economico-e-seguranca-sao-os-principais-desafios-para-eduardo-paes","status":"publish","type":"post","link":"https:\/\/acrj.org.br\/index.php\/2018\/09\/05\/equilibrio-economico-e-seguranca-sao-os-principais-desafios-para-eduardo-paes\/","title":{"rendered":"Equil\u00edbrio econ\u00f4mico e seguran\u00e7a s\u00e3o os principais desafios para Eduardo Paes"},"content":{"rendered":"\n<p>Em audit\u00f3rio lotado e com calorosas palmas, o candidato ao Governo do Rio pelo Democratas, Eduardo Paes, fez palestra nesta ter\u00e7a-feira, dia 4 de setembro, na Associa\u00e7\u00e3o Comercial do Rio de Janeiro (ACRJ), na s\u00e9rie \u2018Rio em Debate\u2019. Paes enumerou que os principais desafios para quem assumir o comando do Pal\u00e1cio Guanabara: a organiza\u00e7\u00e3o do sistema de seguran\u00e7a p\u00fablica e a interven\u00e7\u00e3o nas contas do estado. Na ocasi\u00e3o, a presidente da entidade, Angela Costa, entregou a <a href=\"https:\/\/acrj.org.br\/index.php\/publicacoes\/\">Agenda Positiva<\/a> com as contribui\u00e7\u00f5es dos Conselhos Empresariais da ACRJ em v\u00e1rias \u00e1reas, pedindo aten\u00e7\u00e3o especial ao item sobre ambiente de neg\u00f3cios.\u00a0<\/p>\n\n\n\n<p>O ex-prefeito queixou-se dos constantes ataques recebidos na atual campanha pol\u00edtica. \u201cTenho feito o esfor\u00e7o de olhar para o futuro, apesar de os meus advers\u00e1rios s\u00f3 se lembrarem do meu passado. E nada no meu passado me envergonha, diga-se de passagem\u201d, afirmou.&nbsp;<\/p>\n\n\n\n<p>Questionado sobre a poss\u00edvel privatiza\u00e7\u00e3o da Cedae, Paes disse que a prioridade \u00e9 mant\u00ea-la p\u00fablica. \u201cVou fazer concess\u00f5es de saneamento, como fiz na Zona Oeste do Rio, onde t\u00ednhamos 5% do esgoto tratado e sa\u00edmos com quase 50%. \u00c9 inaceit\u00e1vel que nessa agenda do s\u00e9culo XIX tenha zero por cento de esgoto tratado na Baixada Fluminense. Nossa ideia \u00e9 modelar uma PPP (parceria p\u00fablico-privada) para regi\u00f5es mais complexas como a Baixada e S\u00e3o Gon\u00e7alo e avan\u00e7ar nisso\u201d, afirmou. O candidato destacou experi\u00eancias positivas nos seus anos \u00e0 frente da prefeitura. \u201cA maior PPP do Brasil foi o Porto Maravilha, a segunda foi o Parque Ol\u00edmpico e a terceira o VLT. At\u00e9 o Zool\u00f3gico eu privatizei. Imagina o Crivella n\u00e3o precisar ficar cuidando para que o pesco\u00e7o da girafa n\u00e3o quebre e a carne do le\u00e3o n\u00e3o falte? \u00c9 uma ben\u00e7\u00e3o!\u201d, descontraiu o candidato do DEM.&nbsp;<\/p>\n\n\n\n<p>Sobre seguran\u00e7a, Paes foi categ\u00f3rico ao afirmar que \u00e9 favor\u00e1vel \u00e0 manuten\u00e7\u00e3o da Interven\u00e7\u00e3o Federal no Rio. \u201cVamos solicitar ao pr\u00f3ximo presidente da Rep\u00fablica a perman\u00eancia das For\u00e7as Armadas nos auxiliando no papel da seguran\u00e7a p\u00fablica\u201d, arrancando muitos aplausos da plateia. \u201cSe nos comparamos a S\u00e3o Paulo, que tem o mesmo c\u00f3digo penal, as mesmas desigualdades sociais e os mesmos \u00edndices de pobreza, e l\u00e1 se mata quatro vezes menos pessoas do que no Rio, constatamos que alguma coisa est\u00e1 errada\u201d, apontou. \u201cTemos que entender a crise como oportunidade. Nosso estado tem jeito! Somos a segunda economia do pa\u00eds. Temos um povo que produz, que \u00e9 capaz. Mas \u00e9 preciso mudan\u00e7as, uma nova leitura pol\u00edtica, gest\u00e3o moderna com planos estrat\u00e9gicos\u201d, finalizou.&nbsp;<\/p>\n\n\n\n<p class=\"has-text-align-right has-medium-font-size\"><strong>Textual Comunica\u00e7\u00e3o<\/strong><br>Assessoria de Imprensa da Associa\u00e7\u00e3o Comercial do Rio de Janeiro (ACRJ)<\/p>\n","protected":false},"excerpt":{"rendered":"<p>Em audit\u00f3rio lotado e com calorosas palmas, o candidato ao Governo do Rio pelo Democratas, Eduardo Paes, fez palestra nesta ter\u00e7a-feira, dia 4 de setembro,&hellip;<\/p>\n","protected":false},"author":1,"featured_media":2701,"comment_status":"closed","ping_status":"open","sticky":false,"template":"","format":"standard","meta":{"_exactmetrics_skip_tracking":false,"_exactmetrics_sitenote_active":false,"_exactmetrics_sitenote_note":"","_exactmetrics_sitenote_category":0,"footnotes":""},"categories":[10],"tags":[],"class_list":["post-2700","post","type-post","status-publish","format-standard","has-post-thumbnail","hentry","category-noticias"],"_links":{"self":[{"href":"https:\/\/acrj.org.br\/index.php\/wp-json\/wp\/v2\/posts\/2700","targetHints":{"allow":["GET"]}}],"collection":[{"href":"https:\/\/acrj.org.br\/index.php\/wp-json\/wp\/v2\/posts"}],"about":[{"href":"https:\/\/acrj.org.br\/index.php\/wp-json\/wp\/v2\/types\/post"}],"author":[{"embeddable":true,"href":"https:\/\/acrj.org.br\/index.php\/wp-json\/wp\/v2\/users\/1"}],"replies":[{"embeddable":true,"href":"https:\/\/acrj.org.br\/index.php\/wp-json\/wp\/v2\/comments?post=2700"}],"version-history":[{"count":0,"href":"https:\/\/acrj.org.br\/index.php\/wp-json\/wp\/v2\/posts\/2700\/revisions"}],"wp:featuredmedia":[{"embeddable":true,"href":"https:\/\/acrj.org.br\/index.php\/wp-json\/wp\/v2\/media\/2701"}],"wp:attachment":[{"href":"https:\/\/acrj.org.br\/index.php\/wp-json\/wp\/v2\/media?parent=2700"}],"wp:term":[{"taxonomy":"category","embeddable":true,"href":"https:\/\/acrj.org.br\/index.php\/wp-json\/wp\/v2\/categories?post=2700"},{"taxonomy":"post_tag","embeddable":true,"href":"https:\/\/acrj.org.br\/index.php\/wp-json\/wp\/v2\/tags?post=2700"}],"curies":[{"name":"wp","href":"https:\/\/api.w.org\/{rel}","templated":true}]}}