{"id":26992,"date":"2024-06-26T11:39:36","date_gmt":"2024-06-26T14:39:36","guid":{"rendered":"https:\/\/acrj.org.br\/?p=26992"},"modified":"2024-06-26T16:09:05","modified_gmt":"2024-06-26T19:09:05","slug":"conselho-de-longevidade-debate-envelhecimento-da-populacao-e-os-impactos-nas-cidades-e-na-economia","status":"publish","type":"post","link":"https:\/\/acrj.org.br\/index.php\/2024\/06\/26\/conselho-de-longevidade-debate-envelhecimento-da-populacao-e-os-impactos-nas-cidades-e-na-economia\/","title":{"rendered":"Conselho de Longevidade debate envelhecimento da popula\u00e7\u00e3o e os impactos nas cidades e na economia"},"content":{"rendered":"\n<p>A consultora Fabienne Schiavo, especialista em Inova\u00e7\u00e3o para Cidades Inteligentes e Sustent\u00e1veis, foi a convidada da reuni\u00e3o do Conselho Empresarial do Ecossistema da Longevidade da ACRJ, dia 25 de junho. Ela fez uma palestra sobre Longevidade e Cidades Inteligentes no \u00e2mbito do G20 \u2013 materializando os acordos globais em a\u00e7\u00f5es locais. Fabienne tamb\u00e9m \u00e9 colaboradora da Autoridade do Desenvolvimento Sustent\u00e1vel do Governo do Estado do Rio de Janeiro, cujo diretor executivo \u00e9 o conselheiro da ACRJ, Paulo Prot\u00e1sio.<\/p>\n\n\n\n<p>O presidente do Conselho Superior da ACRJ, Ruy Barreto Filho, deu as boas vindas aos participantes do encontro. O presidente do Conselho de Longevidade, Carlos Molina, abriu o evento destacando a import\u00e2ncia do tema nas discuss\u00f5es do G20 e como a sociedade pode participar deste debate sobre o envelhecimento da popula\u00e7\u00e3o e uma expectativa de diminui\u00e7\u00e3o nos nascimentos. Molina lembrou que \u201ca longevidade \u00e9 uma coisa fant\u00e1stica, maravilhosa, uma conquista da humanidade, mas traz desafios para os governos e para a sociedade em geral\u201d.<\/p>\n\n\n\n<p>Ele citou pa\u00edses, como o Jap\u00e3o e a Coreia do Sul, que devem perder 40% da popula\u00e7\u00e3o neste s\u00e9culo. \u201cS\u00e3o cerca de 70 milh\u00f5es de habitantes\u201d, destacou. O Brasil, segundo ele, vai chegar a 2100 com 20% menos de pessoas. \u201cV\u00e3o ser 30 milh\u00f5es de brasileiros a menos do que existem hoje. Representa a popula\u00e7\u00e3o dos Estados do Rio de Janeiro e da Bahia juntos\u201d, disse.<\/p>\n\n\n\n<p>No caso do Brasil, ele ainda chamou a aten\u00e7\u00e3o para o fato de que o grupo et\u00e1rio acima de 60 ser\u00e1 o segundo maior at\u00e9 o final desta d\u00e9cada, o que acarretar\u00e1 impactos nas \u201c\u00e1reas da Sa\u00fade, Previd\u00eancia, mercado de trabalho, mobilidade, transporte, apenas para mencionar alguns. Contratar jovens daqui a alguns anos vai ser uma tarefa dif\u00edcil\u201d, ressaltou.<\/p>\n\n\n\n<p>Em sua apresenta\u00e7\u00e3o Fabienne Schiavo mostrou como \u00e9 importante inserir o tema da longevidade e envelhecimento da popula\u00e7\u00e3o das discuss\u00f5es do G20, j\u00e1 que esses assuntos nunca foram debatidos antes neste f\u00f3rum. Ela acredita que o Brasil, por sediar o evento este ano e ter como lema \u201cConstruindo um mundo justo e um planeta sustent\u00e1vel\u201d, pode deixar um legado importante ao incluir estes temas nas discuss\u00f5es.<\/p>\n\n\n\n<p>Ela lembrou que que \u201ca longevidade \u00e9 um tema transversal voltado \u00e0s pessoas e est\u00e1 inserida em todos os desafios globais atuais: urbanos, complexos, digitais e criativos\u201d.<\/p>\n\n\n\n<p>Fabienne destacou que o desafio das cidades ser\u00e1 muito grande nas pr\u00f3ximas d\u00e9cadas, j\u00e1 que quase 7 bilh\u00f5es de pessoas estar\u00e3o concentradas em \u00e1reas urbanas at\u00e9 2050 e com mais de 60 anos ser\u00e3o, aproximadamente, 2,1 bilh\u00f5es de pessoas. H\u00e1 muitas quest\u00f5es que, segundo ela, precisam ser pensadas pois impactam diretamente a economia das cidades. Salientou especialmente a press\u00e3o sobre os sistemas de previd\u00eancia, o crescimento dos custos de sa\u00fade, a adequa\u00e7\u00e3o da infraestrutura urbana, os desafios para o sistema educacional e de treinamento, entre outros.<\/p>\n\n\n\n<p>Mas lembrou que o envelhecimento da popula\u00e7\u00e3o tamb\u00e9m pode criar oportunidades econ\u00f4micas em setores relacionados ao envelhecimento, como sa\u00fade, tecnologia assistiva, lazer, esporte e turismo voltado para idosos. \u201cIsso pode representar oportunidades para as empresas que conseguirem inovar e atender \u00e0s necessidades dessa crescente popula\u00e7\u00e3o idosa\u201d, disse.<\/p>\n\n\n\n<p>O encontro contou com a parceria dos Conselhos do Ecossistema da Sa\u00fade e do Turismo, de Educa\u00e7\u00e3o, de Esporte, lazer e Desenvolvimento Social, de Gest\u00e3o de Recursos Humanos e Desenvolvimento Organizacional e das Micro e Pequenas Empresas da ACRJ.<\/p>\n\n\n\n<figure class=\"wp-block-image size-large is-resized\"><img fetchpriority=\"high\" decoding=\"async\" width=\"1024\" height=\"502\" src=\"https:\/\/acrj.org.br\/wp-content\/uploads\/2024\/06\/ruy-4-1024x502.jpg\" alt=\"\" class=\"wp-image-26999\" style=\"width:360px\" srcset=\"https:\/\/acrj.org.br\/wp-content\/uploads\/2024\/06\/ruy-4-1024x502.jpg 1024w, https:\/\/acrj.org.br\/wp-content\/uploads\/2024\/06\/ruy-4-300x147.jpg 300w, https:\/\/acrj.org.br\/wp-content\/uploads\/2024\/06\/ruy-4-768x377.jpg 768w, https:\/\/acrj.org.br\/wp-content\/uploads\/2024\/06\/ruy-4-1536x753.jpg 1536w, https:\/\/acrj.org.br\/wp-content\/uploads\/2024\/06\/ruy-4-600x294.jpg 600w, https:\/\/acrj.org.br\/wp-content\/uploads\/2024\/06\/ruy-4.jpg 1835w\" sizes=\"(max-width: 1024px) 100vw, 1024px\" \/><figcaption class=\"wp-element-caption\">Ruy Barreto Filho deu as boas vindas ao participantes<\/figcaption><\/figure>\n\n\n\n<figure class=\"wp-block-image size-large is-resized\"><img decoding=\"async\" width=\"1024\" height=\"659\" src=\"https:\/\/acrj.org.br\/wp-content\/uploads\/2024\/06\/molina-1024x659.jpg\" alt=\"\" class=\"wp-image-27002\" style=\"width:360px;height:auto\" srcset=\"https:\/\/acrj.org.br\/wp-content\/uploads\/2024\/06\/molina-1024x659.jpg 1024w, https:\/\/acrj.org.br\/wp-content\/uploads\/2024\/06\/molina-300x193.jpg 300w, https:\/\/acrj.org.br\/wp-content\/uploads\/2024\/06\/molina-768x494.jpg 768w, https:\/\/acrj.org.br\/wp-content\/uploads\/2024\/06\/molina-1536x989.jpg 1536w, https:\/\/acrj.org.br\/wp-content\/uploads\/2024\/06\/molina-600x386.jpg 600w, https:\/\/acrj.org.br\/wp-content\/uploads\/2024\/06\/molina.jpg 1748w\" sizes=\"(max-width: 1024px) 100vw, 1024px\" \/><figcaption class=\"wp-element-caption\">Carlos Molina fala na abertura do encontro<\/figcaption><\/figure>\n\n\n\n<figure class=\"wp-block-image size-large is-resized\"><img decoding=\"async\" width=\"1024\" height=\"568\" src=\"https:\/\/acrj.org.br\/wp-content\/uploads\/2024\/06\/fabianne-1024x568.jpg\" alt=\"\" class=\"wp-image-27003\" style=\"width:360px\" srcset=\"https:\/\/acrj.org.br\/wp-content\/uploads\/2024\/06\/fabianne-1024x568.jpg 1024w, https:\/\/acrj.org.br\/wp-content\/uploads\/2024\/06\/fabianne-300x166.jpg 300w, https:\/\/acrj.org.br\/wp-content\/uploads\/2024\/06\/fabianne-768x426.jpg 768w, https:\/\/acrj.org.br\/wp-content\/uploads\/2024\/06\/fabianne-1536x852.jpg 1536w, https:\/\/acrj.org.br\/wp-content\/uploads\/2024\/06\/fabianne-600x333.jpg 600w, https:\/\/acrj.org.br\/wp-content\/uploads\/2024\/06\/fabianne.jpg 2000w\" sizes=\"(max-width: 1024px) 100vw, 1024px\" \/><figcaption class=\"wp-element-caption\">Fabianne Schiavo durante sua palestra<\/figcaption><\/figure>\n","protected":false},"excerpt":{"rendered":"<p>A consultora Fabienne Schiavo, especialista em Inova\u00e7\u00e3o para Cidades Inteligentes e Sustent\u00e1veis, foi a convidada da reuni\u00e3o do Conselho Empresarial do Ecossistema da Longevidade da&hellip;<\/p>\n","protected":false},"author":3,"featured_media":26997,"comment_status":"closed","ping_status":"closed","sticky":false,"template":"","format":"standard","meta":{"_exactmetrics_skip_tracking":false,"_exactmetrics_sitenote_active":false,"_exactmetrics_sitenote_note":"","_exactmetrics_sitenote_category":0,"footnotes":""},"categories":[56],"tags":[],"class_list":["post-26992","post","type-post","status-publish","format-standard","has-post-thumbnail","hentry","category-destaque_conselhos"],"_links":{"self":[{"href":"https:\/\/acrj.org.br\/index.php\/wp-json\/wp\/v2\/posts\/26992","targetHints":{"allow":["GET"]}}],"collection":[{"href":"https:\/\/acrj.org.br\/index.php\/wp-json\/wp\/v2\/posts"}],"about":[{"href":"https:\/\/acrj.org.br\/index.php\/wp-json\/wp\/v2\/types\/post"}],"author":[{"embeddable":true,"href":"https:\/\/acrj.org.br\/index.php\/wp-json\/wp\/v2\/users\/3"}],"replies":[{"embeddable":true,"href":"https:\/\/acrj.org.br\/index.php\/wp-json\/wp\/v2\/comments?post=26992"}],"version-history":[{"count":0,"href":"https:\/\/acrj.org.br\/index.php\/wp-json\/wp\/v2\/posts\/26992\/revisions"}],"wp:featuredmedia":[{"embeddable":true,"href":"https:\/\/acrj.org.br\/index.php\/wp-json\/wp\/v2\/media\/26997"}],"wp:attachment":[{"href":"https:\/\/acrj.org.br\/index.php\/wp-json\/wp\/v2\/media?parent=26992"}],"wp:term":[{"taxonomy":"category","embeddable":true,"href":"https:\/\/acrj.org.br\/index.php\/wp-json\/wp\/v2\/categories?post=26992"},{"taxonomy":"post_tag","embeddable":true,"href":"https:\/\/acrj.org.br\/index.php\/wp-json\/wp\/v2\/tags?post=26992"}],"curies":[{"name":"wp","href":"https:\/\/api.w.org\/{rel}","templated":true}]}}