{"id":26919,"date":"2024-06-24T09:00:00","date_gmt":"2024-06-24T12:00:00","guid":{"rendered":"https:\/\/acrj.org.br\/?p=26919"},"modified":"2024-10-01T11:00:25","modified_gmt":"2024-10-01T14:00:25","slug":"sao-joao-nao-iria-a-sua-festa-junina","status":"publish","type":"post","link":"https:\/\/acrj.org.br\/index.php\/2024\/06\/24\/sao-joao-nao-iria-a-sua-festa-junina\/","title":{"rendered":"S\u00e3o Jo\u00e3o n\u00e3o iria \u00e0 sua festa junina&#8230;"},"content":{"rendered":"\n<p>Por Reinaldo Paes Barreto, membro do Conselho Empresarial de Cultura da ACRJ<\/p>\n\n\n\n<p>Solit\u00e1rio, eremita,Jo\u00e3o Batista&nbsp;viveu longamente no deserto coberto, apenas, com uma t\u00fanica grosseira de pele de camelo atada a um cinto de couro, alimentando-se de gafanhotos e mel silvestre. Quase certo, portanto, que n\u00e3o quisesse participar da esb\u00f3rnia que s\u00e3o os festejos em sua homenagem, no Brasil e no mundo, atualmente.<strong><\/strong><\/p>\n\n\n\n<p>No Brasil, por exemplo, come-se tudo que engorda e bebe-se \u00e0 larga na noite de 24 para 25 de junho \u2013 e na sequ\u00eancia! Salgados e doces, sobretudo feitos com milho (\u00e9 a \u00e9poca da colheita): canjica, pamonha, bolo e broa de fub\u00e1, al\u00e9m de doce de batata-doce, de ab\u00f3bora, de cidra com rapadura, furundum de mam\u00e3o em peda\u00e7os, p\u00e3o de car\u00e1, p\u00e3o-de-l\u00f3 cortado, pa\u00e7oca, p\u00e9-de-moleque, amendoim torrado, pipoca, cuscuz e o que mais estiver no prato (leit\u00e3o, frango da ro\u00e7a&#8230;)<\/p>\n\n\n\n<p>E bebe-se \u2014 al\u00e9m de muita pinga \u2014 o tradicional quent\u00e3o de vinho, uma esp\u00e9cie de grogue europeu traduzido \u201cpro arrai\u00e1\u201d. E dan\u00e7a-se a quadrilha, um baile \u201cherdado\u201d da polca e do minueto e cujo nome deriva do n\u00famero dos dan\u00e7adores, que ordinariamente \u00e9 composto de quatro pares, mas que formam um mar humano em movimento.<\/p>\n\n\n\n<p>Mas n\u00e3o s\u00f3 por aqui. Ainda hoje, o S\u00e3o Jo\u00e3o no Porto, em Portugal, rivaliza com o R\u00e9veillon em fogos de artif\u00edcio, dan\u00e7as e sardinhas&#8230; e tamb\u00e9m na Fran\u00e7a, no Canad\u00e1 e no resto da Europa, at\u00e9 porque como toda festa verdadeiramente popular esta tamb\u00e9m nasceu no campo, pag\u00e3, porque celebrava a entrada do ver\u00e3o (solst\u00edcio) no hemisf\u00e9rio norte.<\/p>\n\n\n\n<p>Depois, a Igreja Cat\u00f3lica incorporou o esp\u00edrito da mobiliza\u00e7\u00e3o popular e o associou ao Santo mais importante para a evangeliza\u00e7\u00e3o dos crist\u00e3o daquele tempo, a come\u00e7ar pelo batismo. Detalhe: segundo alguns historiadores, essas festas juninas tiveram tamb\u00e9m um car\u00e1ter de catequese, no Brasil, porque atraiam os \u00edndios ao conv\u00edvio mission\u00e1rio.&nbsp;<\/p>\n\n\n\n<p>Na Umbanda, S\u00e3o Jo\u00e3o \u00e9 Xang\u00f4. Mas no Catolicismo, S\u00e3o Jo\u00e3o era o primo mais velho de Jesus e foi quem o batizou. Ali\u00e1s, no Brasil, batizou com o seu nome tamb\u00e9m as festas &#8230; juninas! Teve um fim horr\u00edvel, como todos sabem.<\/p>\n\n\n\n<p>Moral da hist\u00f3ria: confirmado, Jo\u00e3o Batista n\u00e3o iria a uma festa junina de hoje em dia.<\/p>\n\n\n\n<figure class=\"wp-block-image size-large is-resized\"><img fetchpriority=\"high\" decoding=\"async\" width=\"1024\" height=\"683\" src=\"https:\/\/acrj.org.br\/wp-content\/uploads\/2020\/08\/Assuntos-culturais_vice-Reinaldo-Paes-Barreto-1024x683.jpg\" alt=\"\" class=\"wp-image-5005\" style=\"width:320px\" srcset=\"https:\/\/acrj.org.br\/wp-content\/uploads\/2020\/08\/Assuntos-culturais_vice-Reinaldo-Paes-Barreto-1024x683.jpg 1024w, https:\/\/acrj.org.br\/wp-content\/uploads\/2020\/08\/Assuntos-culturais_vice-Reinaldo-Paes-Barreto-600x400.jpg 600w, https:\/\/acrj.org.br\/wp-content\/uploads\/2020\/08\/Assuntos-culturais_vice-Reinaldo-Paes-Barreto-300x200.jpg 300w, https:\/\/acrj.org.br\/wp-content\/uploads\/2020\/08\/Assuntos-culturais_vice-Reinaldo-Paes-Barreto-768x512.jpg 768w, https:\/\/acrj.org.br\/wp-content\/uploads\/2020\/08\/Assuntos-culturais_vice-Reinaldo-Paes-Barreto.jpg 1280w\" sizes=\"(max-width: 1024px) 100vw, 1024px\" \/><figcaption class=\"wp-element-caption\">Reinaldo Paes Barreto \u00e9 assessor da diretoria executiva do INPI<\/figcaption><\/figure>\n","protected":false},"excerpt":{"rendered":"<p>Por Reinaldo Paes Barreto, membro do Conselho Empresarial de Cultura da ACRJ<\/p>\n","protected":false},"author":3,"featured_media":26920,"comment_status":"closed","ping_status":"closed","sticky":false,"template":"","format":"standard","meta":{"_exactmetrics_skip_tracking":false,"_exactmetrics_sitenote_active":false,"_exactmetrics_sitenote_note":"","_exactmetrics_sitenote_category":0,"footnotes":""},"categories":[12,82],"tags":[],"class_list":["post-26919","post","type-post","status-publish","format-standard","has-post-thumbnail","hentry","category-artigos","category-destaque_artigos"],"_links":{"self":[{"href":"https:\/\/acrj.org.br\/index.php\/wp-json\/wp\/v2\/posts\/26919","targetHints":{"allow":["GET"]}}],"collection":[{"href":"https:\/\/acrj.org.br\/index.php\/wp-json\/wp\/v2\/posts"}],"about":[{"href":"https:\/\/acrj.org.br\/index.php\/wp-json\/wp\/v2\/types\/post"}],"author":[{"embeddable":true,"href":"https:\/\/acrj.org.br\/index.php\/wp-json\/wp\/v2\/users\/3"}],"replies":[{"embeddable":true,"href":"https:\/\/acrj.org.br\/index.php\/wp-json\/wp\/v2\/comments?post=26919"}],"version-history":[{"count":0,"href":"https:\/\/acrj.org.br\/index.php\/wp-json\/wp\/v2\/posts\/26919\/revisions"}],"wp:featuredmedia":[{"embeddable":true,"href":"https:\/\/acrj.org.br\/index.php\/wp-json\/wp\/v2\/media\/26920"}],"wp:attachment":[{"href":"https:\/\/acrj.org.br\/index.php\/wp-json\/wp\/v2\/media?parent=26919"}],"wp:term":[{"taxonomy":"category","embeddable":true,"href":"https:\/\/acrj.org.br\/index.php\/wp-json\/wp\/v2\/categories?post=26919"},{"taxonomy":"post_tag","embeddable":true,"href":"https:\/\/acrj.org.br\/index.php\/wp-json\/wp\/v2\/tags?post=26919"}],"curies":[{"name":"wp","href":"https:\/\/api.w.org\/{rel}","templated":true}]}}