{"id":2691,"date":"2018-09-06T11:22:00","date_gmt":"2018-09-06T14:22:00","guid":{"rendered":"http:\/\/acrj2020.profissional.ws\/?p=2691"},"modified":"2020-07-10T13:32:09","modified_gmt":"2020-07-10T16:32:09","slug":"tarcisio-motta-defende-gestao-agil-eficiente-e-participativa","status":"publish","type":"post","link":"https:\/\/acrj.org.br\/index.php\/2018\/09\/06\/tarcisio-motta-defende-gestao-agil-eficiente-e-participativa\/","title":{"rendered":"Tarc\u00edsio Motta defende gest\u00e3o \u00e1gil, eficiente e participativa"},"content":{"rendered":"\n<p>Tarc\u00edsio Motta (PSOL), candidato ao Governo do Estado, esteve na sede da Associa\u00e7\u00e3o Comercial do Rio de Janeiro, na manh\u00e3 desta quarta-feira, dia 5 de setembro, para palestra na s\u00e9rie \u201cRio em Debate\u201d. Tarc\u00edsio agradeceu \u00e0 presidente Angela Costa e \u00e0 diretoria da ACRJ a oportunidade cedida aos candidatos. \u201c\u00c9 importante para a democracia multiplicar esses espa\u00e7os onde cada candidato pode apresentar suas ideias e propostas. Em igualdade de condi\u00e7\u00f5es, o eleitor consegue definir melhor o seu voto\u201d, destacou.&nbsp;<\/p>\n\n\n\n<p>O vereador ressaltou a import\u00e2ncia do planejamento na recupera\u00e7\u00e3o do estado. \u201cO Rio vive uma das piores crises da sua hist\u00f3ria com impactos econ\u00f4micos, pol\u00edticos e sociais, com aumento do desemprego, da desigualdade e da viol\u00eancia. Vivemos um cen\u00e1rio desolador, mas acreditamos que a vida pode ser melhor. O estado tem gente boa, fazendo muita coisa boa. O papel do governo \u00e9 conectar essas pessoas, pr\u00e1ticas e princ\u00edpios para que a vida seja melhor. O per\u00edodo de desesperan\u00e7a \u00e9 t\u00e3o grande que nossa primeira afirma\u00e7\u00e3o \u00e9: mudar \u00e9 poss\u00edvel. A segunda afirmativa \u00e9: o Rio tem jeito, h\u00e1 possibilidade de sair desta crise e iniciar um ciclo positivo, de melhoria na qualidade de vida da popula\u00e7\u00e3o. Para isso, a pol\u00edtica deve ser correta, com um governo republicano, \u00e9tico e que pense, prioritariamente, na vida de quem trabalha, de quem vive do pr\u00f3prio trabalho e de quem est\u00e1 procurando emprego. Esses devem ser os alvos das pol\u00edticas p\u00fablicas\u201d, destacou.&nbsp;<\/p>\n\n\n\n<p>Tarc\u00edsio disse que \u00e9 preciso pensar em duas dimens\u00f5es: mudar a forma como se governa e o conte\u00fado que se governa. \u201cA gest\u00e3o como tem sido feita \u00e9 tamb\u00e9m parte respons\u00e1vel da crise. O conte\u00fado das pol\u00edticas p\u00fablicas nos levou \u00e0 situa\u00e7\u00e3o que vivemos hoje. \u00c9 preciso ter o planejamento como pr\u00e1tica, a transpar\u00eancia como regra e a participa\u00e7\u00e3o como m\u00e9todo.&nbsp; O Rio de Janeiro aceitou que seria apenas uma mera plataforma exportadora de petr\u00f3leo&nbsp; e todo o planejamento de educa\u00e7\u00e3o, sa\u00fade, transportes, seguran\u00e7a, economia estava submetido \u00e0 cren\u00e7a de que os recursos do petr\u00f3leo seriam suficientes para que pud\u00e9ssemos&nbsp; fazer o que quis\u00e9ssemos quando quis\u00e9ssemos. Por outro lado, a cren\u00e7a que os megaeventos por si s\u00f3 seriam capazes de movimentar a economia de tal forma que ter\u00edamos um ciclo virtuoso que nos levaria ao patamar de uma grande pot\u00eancia econ\u00f4mica. As duas coisas estavam erradas\u201d, disparou.&nbsp;&nbsp;<\/p>\n\n\n\n<p>Sobre transpar\u00eancia, o candidato do PSOL afirmou que pouco se sabe do or\u00e7amento. \u201cA regra de hoje \u00e9 toma l\u00e1 d\u00e1 c\u00e1, a l\u00f3gica das propinas, das secretarias que viram loteamento de cargos p\u00fablicos. A burocracia \u00e9 inimiga da democracia. Precisamos pensar numa gest\u00e3o \u00e1gil, eficiente e transparente, tendo a participa\u00e7\u00e3o como meta\u201d, defendeu.&nbsp;<\/p>\n\n\n\n<p>Questionado, descartou a possibilidade de privatiza\u00e7\u00e3o da Cedae e defendeu a recupera\u00e7\u00e3o de setores que considera como priorit\u00e1rios, entre eles a constru\u00e7\u00e3o civil, entretenimento e cultura e a produ\u00e7\u00e3o de medicamentos.&nbsp;<\/p>\n\n\n\n<p>Quanto a poss\u00edvel manuten\u00e7\u00e3o da interven\u00e7\u00e3o Federal, o candidato afirmou que foi feito um investimento muito grande, com poucos resultados at\u00e9 o momento. \u201cSeguran\u00e7a \u00e9 garantir a vida e n\u00e3o produzir morte. N\u00e3o \u00e9 tanque na rua que acaba com tr\u00e1fico de drogas. \u00c9 necess\u00e1rio substituir a l\u00f3gica do confronto e do combate pela intelig\u00eancia e investiga\u00e7\u00e3o, isso se faz com previs\u00e3o or\u00e7ament\u00e1ria, com linha da pol\u00edtica seguran\u00e7a p\u00fablica, fazendo com que as pol\u00edcias ajam de formas integradas\u201d, avaliou.&nbsp;<\/p>\n\n\n\n<p>O candidato respondeu aos questionamentos da plateia presente e recebeu a <a href=\"https:\/\/acrj.org.br\/index.php\/publicacoes\/\">Agenda Positiva<\/a> elaborada pelos Conselhos Empresariais da ACRJ com contribui\u00e7\u00f5es em v\u00e1rias \u00e1reas, pedindo aten\u00e7\u00e3o especial ao item sobre ambiente de neg\u00f3cios.<\/p>\n\n\n\n<p class=\"has-text-align-right\"><strong>Textual Comunica\u00e7\u00e3o<\/strong><br>Assessoria de Imprensa da Associa\u00e7\u00e3o Comercial do Rio de Janeiro (ACRJ)<\/p>\n","protected":false},"excerpt":{"rendered":"<p>Tarc\u00edsio Motta (PSOL), candidato ao Governo do Estado, esteve na sede da Associa\u00e7\u00e3o Comercial do Rio de Janeiro, na manh\u00e3 desta quarta-feira, dia 5 de&hellip;<\/p>\n","protected":false},"author":1,"featured_media":2692,"comment_status":"closed","ping_status":"open","sticky":false,"template":"","format":"standard","meta":{"_exactmetrics_skip_tracking":false,"_exactmetrics_sitenote_active":false,"_exactmetrics_sitenote_note":"","_exactmetrics_sitenote_category":0,"footnotes":""},"categories":[10],"tags":[],"class_list":["post-2691","post","type-post","status-publish","format-standard","has-post-thumbnail","hentry","category-noticias"],"_links":{"self":[{"href":"https:\/\/acrj.org.br\/index.php\/wp-json\/wp\/v2\/posts\/2691","targetHints":{"allow":["GET"]}}],"collection":[{"href":"https:\/\/acrj.org.br\/index.php\/wp-json\/wp\/v2\/posts"}],"about":[{"href":"https:\/\/acrj.org.br\/index.php\/wp-json\/wp\/v2\/types\/post"}],"author":[{"embeddable":true,"href":"https:\/\/acrj.org.br\/index.php\/wp-json\/wp\/v2\/users\/1"}],"replies":[{"embeddable":true,"href":"https:\/\/acrj.org.br\/index.php\/wp-json\/wp\/v2\/comments?post=2691"}],"version-history":[{"count":0,"href":"https:\/\/acrj.org.br\/index.php\/wp-json\/wp\/v2\/posts\/2691\/revisions"}],"wp:featuredmedia":[{"embeddable":true,"href":"https:\/\/acrj.org.br\/index.php\/wp-json\/wp\/v2\/media\/2692"}],"wp:attachment":[{"href":"https:\/\/acrj.org.br\/index.php\/wp-json\/wp\/v2\/media?parent=2691"}],"wp:term":[{"taxonomy":"category","embeddable":true,"href":"https:\/\/acrj.org.br\/index.php\/wp-json\/wp\/v2\/categories?post=2691"},{"taxonomy":"post_tag","embeddable":true,"href":"https:\/\/acrj.org.br\/index.php\/wp-json\/wp\/v2\/tags?post=2691"}],"curies":[{"name":"wp","href":"https:\/\/api.w.org\/{rel}","templated":true}]}}