{"id":26895,"date":"2024-06-21T13:52:37","date_gmt":"2024-06-21T16:52:37","guid":{"rendered":"https:\/\/acrj.org.br\/?p=26895"},"modified":"2024-07-12T16:24:14","modified_gmt":"2024-07-12T19:24:14","slug":"seguranca-publica-e-o-poder-judiciario","status":"publish","type":"post","link":"https:\/\/acrj.org.br\/index.php\/2024\/06\/21\/seguranca-publica-e-o-poder-judiciario\/","title":{"rendered":"Seguran\u00e7a P\u00fablica e o Poder Judici\u00e1rio"},"content":{"rendered":"\n<p>Este epis\u00f3dio tratou sobre Seguran\u00e7a P\u00fablica, especialmente no que se refere as atividades empresariais, roubo de cargas, efetivo policial, Poder Judici\u00e1rio, Legisla\u00e7\u00e3o, entre outros assuntos ligados ao tema. Participam o delegado Fabr\u00edcio Oliveira, da Coordenadoria de Recursos Especiais (CORE), unidade de opera\u00e7\u00f5es policiais especiais da Pol\u00edcia Civil do Estado do Rio de Janeiro, e o ex-deputado estadual Alexandre Freitas.<\/p>\n\n\n\n<p>Dispon\u00edvel no Canal ACRJ Divulga.<\/p>\n\n\n\n<p><strong><a href=\"https:\/\/youtu.be\/2dpqXwGhJ6g\">Acesse aqui<\/a><\/strong><\/p>\n\n\n\n<figure class=\"wp-block-image size-large is-resized\"><img fetchpriority=\"high\" decoding=\"async\" width=\"1024\" height=\"591\" src=\"https:\/\/acrj.org.br\/wp-content\/uploads\/2024\/07\/seguranca1-1024x591.jpg\" alt=\"\" class=\"wp-image-27198\" style=\"width:360px\" srcset=\"https:\/\/acrj.org.br\/wp-content\/uploads\/2024\/07\/seguranca1-1024x591.jpg 1024w, https:\/\/acrj.org.br\/wp-content\/uploads\/2024\/07\/seguranca1-300x173.jpg 300w, https:\/\/acrj.org.br\/wp-content\/uploads\/2024\/07\/seguranca1-768x443.jpg 768w, https:\/\/acrj.org.br\/wp-content\/uploads\/2024\/07\/seguranca1-1536x887.jpg 1536w, https:\/\/acrj.org.br\/wp-content\/uploads\/2024\/07\/seguranca1-600x346.jpg 600w, https:\/\/acrj.org.br\/wp-content\/uploads\/2024\/07\/seguranca1.jpg 2022w\" sizes=\"(max-width: 1024px) 100vw, 1024px\" \/><\/figure>\n","protected":false},"excerpt":{"rendered":"<p>Este epis\u00f3dio tratou sobre Seguran\u00e7a P\u00fablica, especialmente no que se refere as atividades empresariais, roubo de cargas, efetivo policial, Poder Judici\u00e1rio, Legisla\u00e7\u00e3o, entre outros assuntos&hellip;<\/p>\n","protected":false},"author":3,"featured_media":26897,"comment_status":"closed","ping_status":"closed","sticky":false,"template":"","format":"standard","meta":{"_exactmetrics_skip_tracking":false,"_exactmetrics_sitenote_active":false,"_exactmetrics_sitenote_note":"","_exactmetrics_sitenote_category":0,"footnotes":""},"categories":[10],"tags":[],"class_list":["post-26895","post","type-post","status-publish","format-standard","has-post-thumbnail","hentry","category-noticias"],"_links":{"self":[{"href":"https:\/\/acrj.org.br\/index.php\/wp-json\/wp\/v2\/posts\/26895","targetHints":{"allow":["GET"]}}],"collection":[{"href":"https:\/\/acrj.org.br\/index.php\/wp-json\/wp\/v2\/posts"}],"about":[{"href":"https:\/\/acrj.org.br\/index.php\/wp-json\/wp\/v2\/types\/post"}],"author":[{"embeddable":true,"href":"https:\/\/acrj.org.br\/index.php\/wp-json\/wp\/v2\/users\/3"}],"replies":[{"embeddable":true,"href":"https:\/\/acrj.org.br\/index.php\/wp-json\/wp\/v2\/comments?post=26895"}],"version-history":[{"count":0,"href":"https:\/\/acrj.org.br\/index.php\/wp-json\/wp\/v2\/posts\/26895\/revisions"}],"wp:featuredmedia":[{"embeddable":true,"href":"https:\/\/acrj.org.br\/index.php\/wp-json\/wp\/v2\/media\/26897"}],"wp:attachment":[{"href":"https:\/\/acrj.org.br\/index.php\/wp-json\/wp\/v2\/media?parent=26895"}],"wp:term":[{"taxonomy":"category","embeddable":true,"href":"https:\/\/acrj.org.br\/index.php\/wp-json\/wp\/v2\/categories?post=26895"},{"taxonomy":"post_tag","embeddable":true,"href":"https:\/\/acrj.org.br\/index.php\/wp-json\/wp\/v2\/tags?post=26895"}],"curies":[{"name":"wp","href":"https:\/\/api.w.org\/{rel}","templated":true}]}}