{"id":2688,"date":"2018-09-10T08:20:00","date_gmt":"2018-09-10T11:20:00","guid":{"rendered":"http:\/\/acrj2020.profissional.ws\/?p=2688"},"modified":"2020-03-01T11:22:03","modified_gmt":"2020-03-01T14:22:03","slug":"governo-do-estado-do-rio-de-janeiro-publica-nova-lista-de-incentivos-fiscais-mantidos","status":"publish","type":"post","link":"https:\/\/acrj.org.br\/index.php\/2018\/09\/10\/governo-do-estado-do-rio-de-janeiro-publica-nova-lista-de-incentivos-fiscais-mantidos\/","title":{"rendered":"Governo do Estado do Rio de Janeiro publica nova lista de incentivos fiscais mantidos"},"content":{"rendered":"\n<p>Foi publicada no dia 5 de setembro a retifica\u00e7\u00e3o do Decreto Estadual n\u00ba 46.409, de 31 de agosto, que reinstituiu os incentivos fiscais do Estado do Rio de Janeiro, j\u00e1 em substitui\u00e7\u00e3o ao revogado Decreto n\u00ba 46.378, de 27 de julho, tamb\u00e9m deste ano. Esta publica\u00e7\u00e3o \u00e9 uma exig\u00eancia do Conv\u00eanio ICMS n\u00ba 190 de 2017 do Conselho Nacional de Pol\u00edtica Fazend\u00e1ria (CONFAZ) para a manuten\u00e7\u00e3o dos benef\u00edcios. Est\u00e3o listados no anexo da nova norma os incentivos fiscais mantidos pelo Governador Pez\u00e3o.<\/p>\n\n\n\n<p>Houve a confirma\u00e7\u00e3o de incentivos para montadoras, cervejarias, empresas espec\u00edficas, cultura, importa\u00e7\u00e3o, setoriais e regionais, como o Fundes, Rioinvest, Lei da Moda, RioPlast, RioPetr\u00f3leo, cesta b\u00e1sica, marmoraria, cer\u00e2mica, joias, RioLog, RioPortos, Lei Pez\u00e3o, trigo, barcos, carnes, pescados, cosm\u00e9ticos entre muitos outros. Para verificar todos os benef\u00edcios renovados consulte a lista abaixo que est\u00e1 tamb\u00e9m no Decreto cujo link segue:<\/p>\n\n\n\n<p><a href=\"http:\/\/www.fazenda.rj.gov.br\/sefaz\/faces\/menu_structure\/legislacao\/legislacao-estadual-navigation\/coluna1\/menu_legislacao_decretos\/Decretos-Tributaria?_afrLoop=1754354936888095&amp;datasource=UCMServer%23dDocName%3AWCC330364&amp;_adf.ctrl-state=ausfmso82_81\">http:\/\/www.fazenda.rj.gov.br\/sefaz\/faces\/menu_structure\/legislacao\/legislacao-estadual-navigation\/coluna1\/menu_legislacao_decretos\/Decretos-Tributaria?_afrLoop=1754354936888095&amp;datasource=UCMServer%23dDocName%3AWCC330364&amp;_adf.ctrl-state=ausfmso82_81<\/a><\/p>\n\n\n\n<p>H\u00e1 obriga\u00e7\u00e3o de posterior publica\u00e7\u00e3o de todos os incentivos brasileiros no Portal Nacional da Transpar\u00eancia Tribut\u00e1ria. Mas vale lembrar que a norma proibindo a concess\u00e3o de incentivos fiscais no Estado do Rio de Janeiro, motivo pelo qual ao menos na teoria novas empresas n\u00e3o poderiam ser enquadradas para aproveitamento dos benef\u00edcios.<\/p>\n\n\n\n<p>O desafio do pr\u00f3ximo Governador \u00e9 revisar todas as normas e quem sabe reduzir a tributa\u00e7\u00e3o para todas as empresas, o que reduziria o pre\u00e7o das mercadorias vendidas no Estado, beneficiando o consumidor, que ao final \u00e9 que sempre paga a conta.<\/p>\n\n\n\n<p class=\"has-text-align-right\"> <strong>Cheryl Berno<\/strong><\/p>\n","protected":false},"excerpt":{"rendered":"<p>Foi publicada no dia 5 de setembro a retifica\u00e7\u00e3o do Decreto Estadual n\u00ba 46.409, de 31 de agosto, que reinstituiu os incentivos fiscais do Estado&hellip;<\/p>\n","protected":false},"author":1,"featured_media":2689,"comment_status":"closed","ping_status":"open","sticky":false,"template":"","format":"standard","meta":{"_exactmetrics_skip_tracking":false,"_exactmetrics_sitenote_active":false,"_exactmetrics_sitenote_note":"","_exactmetrics_sitenote_category":0,"footnotes":""},"categories":[10],"tags":[],"class_list":["post-2688","post","type-post","status-publish","format-standard","has-post-thumbnail","hentry","category-noticias"],"_links":{"self":[{"href":"https:\/\/acrj.org.br\/index.php\/wp-json\/wp\/v2\/posts\/2688","targetHints":{"allow":["GET"]}}],"collection":[{"href":"https:\/\/acrj.org.br\/index.php\/wp-json\/wp\/v2\/posts"}],"about":[{"href":"https:\/\/acrj.org.br\/index.php\/wp-json\/wp\/v2\/types\/post"}],"author":[{"embeddable":true,"href":"https:\/\/acrj.org.br\/index.php\/wp-json\/wp\/v2\/users\/1"}],"replies":[{"embeddable":true,"href":"https:\/\/acrj.org.br\/index.php\/wp-json\/wp\/v2\/comments?post=2688"}],"version-history":[{"count":0,"href":"https:\/\/acrj.org.br\/index.php\/wp-json\/wp\/v2\/posts\/2688\/revisions"}],"wp:featuredmedia":[{"embeddable":true,"href":"https:\/\/acrj.org.br\/index.php\/wp-json\/wp\/v2\/media\/2689"}],"wp:attachment":[{"href":"https:\/\/acrj.org.br\/index.php\/wp-json\/wp\/v2\/media?parent=2688"}],"wp:term":[{"taxonomy":"category","embeddable":true,"href":"https:\/\/acrj.org.br\/index.php\/wp-json\/wp\/v2\/categories?post=2688"},{"taxonomy":"post_tag","embeddable":true,"href":"https:\/\/acrj.org.br\/index.php\/wp-json\/wp\/v2\/tags?post=2688"}],"curies":[{"name":"wp","href":"https:\/\/api.w.org\/{rel}","templated":true}]}}