{"id":26823,"date":"2024-06-17T11:14:21","date_gmt":"2024-06-17T14:14:21","guid":{"rendered":"https:\/\/acrj.org.br\/?p=26823"},"modified":"2024-06-17T11:14:27","modified_gmt":"2024-06-17T14:14:27","slug":"conselho-de-comunidades-planeja-acoes-para-o-segundo-semestre","status":"publish","type":"post","link":"https:\/\/acrj.org.br\/index.php\/2024\/06\/17\/conselho-de-comunidades-planeja-acoes-para-o-segundo-semestre\/","title":{"rendered":"Conselho de Comunidades planeja a\u00e7\u00f5es para o segundo semestre"},"content":{"rendered":"\n<p>Os membros do Conselho de Comunidades, Novos Neg\u00f3cios e Economia Solid\u00e1ria da ACRJ se reuniram, dia 13 de junho, para definir algumas a\u00e7\u00f5es para o segundo semestre. Uma das propostas \u00e9 organizar um workshop que possa abordar temas que sejam comuns aos conselheiros. Cada membro enviar\u00e1 sugest\u00f5es de assuntos a serem debatidos neste encontro para aprova\u00e7\u00e3o do grupo e posterior defini\u00e7\u00e3o do escopo e formato do evento.<\/p>\n\n\n\n<p>O vice-presidente Robson Santos refor\u00e7ou a estrutura organizacional do Conselho, que est\u00e1 divido em Comit\u00eas e foram criados com a miss\u00e3o de construir um fluxo de atividades e assim alcan\u00e7ar os objetivos previstos para cada um deles. Cinco comit\u00eas est\u00e3o trabalhando, com a possibilidade de outros serem criados de acordo com a demanda dos membros: Turismo de Impacto; Estrat\u00e9gico; Favelas Sustent\u00e1veis; Banco de Talentos &amp; Educa\u00e7\u00e3o Empreendedora; e Eventos.<\/p>\n\n\n\n<p>Robson apresentou uma vis\u00e3o geral das a\u00e7\u00f5es pontuando as conquistas do Conselho at\u00e9 a presente data. Sendo eles, a constru\u00e7\u00e3o do Conselho com empreendedores de alto impacto social; a apresenta\u00e7\u00e3o objetiva sobre as \u00e1reas de atua\u00e7\u00e3o de cada conselheiro, chamados de &#8220;time de her\u00f3is&#8221; pelo VP; a estrutura organizacional do Conselho e a governan\u00e7a dos comit\u00eas, sob a lideran\u00e7a do executivo Omar Santos; a busca pela visibilidade e reconhecimento do Conselho e seus neg\u00f3cios de impacto em comunidades, atrav\u00e9s da colabora\u00e7\u00e3o no quadro &#8220;RJ+Impacto&#8221;, no podcast RJ Mais Neg\u00f3cios ACRJ no Youtube. A presidente C\u00e9lia Domingues aproveitou a oportunidade para parabenizar os conselheiros Betto Gomes, Anderson Marcelo, Cleber Ara\u00fajo e Robson Santos por representarem o Conselho no epis\u00f3dio que abordou a sustentabilidade na moda.<\/p>\n\n\n\n<p>Seguindo na linha de integra\u00e7\u00e3o com outros Conselhos Empresariais da ACRJ, C\u00e9lia Domingues informou que o Conselho \u00e9 parceiro do evento que est\u00e1 sendo promovido pelo Conselho das Micro e Pequenas Empresas, dia 18 de junho, quando acontece a palestra do especialista em Economia da Cultura, Luiz Carlos Prestes Filho, sobre Economia Criativa no Rio de Janeiro.<\/p>\n\n\n\n<p><strong>O evento \u00e9 gratuito, mediante inscri\u00e7\u00e3o pr\u00e9via<\/strong>. Acesse <strong><a href=\"https:\/\/forms.gle\/Y9PNrLfbjeHYgZZH7\">aqui <\/a><\/strong>para se inscrever <\/p>\n\n\n\n<p>Ela adiantou que a ideia \u00e9 convidar outros Conselhos da Casa para que possam participar das atividades do Conselho de Comunidades e assim conhecer o potencial dos neg\u00f3cios dos conselheiros. E lembrou ainda a import\u00e2ncia de o Conselho trabalhar de forma estruturada para facilitar as conex\u00f5es e parceiras entre os pr\u00f3prios conselheiros, a iniciativa p\u00fablica e com outros neg\u00f3cios dentro e fora da ACRJ.<\/p>\n\n\n\n<p>&#8220;Al\u00e9m de nossa atua\u00e7\u00e3o como Conselho, buscamos apoiar os neg\u00f3cios individualmente, oferecendo suporte, networking e compartilhando conhecimento, para melhoria do desempenho empresarial e escala de impacto social.&#8221;\u00a0 Robson Santos.<\/p>\n\n\n\n<figure class=\"wp-block-image size-large is-resized\"><img fetchpriority=\"high\" decoding=\"async\" width=\"1024\" height=\"461\" src=\"https:\/\/acrj.org.br\/wp-content\/uploads\/2024\/06\/mesa-2-1024x461.jpg\" alt=\"\" class=\"wp-image-26826\" style=\"width:380px\" srcset=\"https:\/\/acrj.org.br\/wp-content\/uploads\/2024\/06\/mesa-2-1024x461.jpg 1024w, https:\/\/acrj.org.br\/wp-content\/uploads\/2024\/06\/mesa-2-300x135.jpg 300w, https:\/\/acrj.org.br\/wp-content\/uploads\/2024\/06\/mesa-2-768x346.jpg 768w, https:\/\/acrj.org.br\/wp-content\/uploads\/2024\/06\/mesa-2-1536x691.jpg 1536w, https:\/\/acrj.org.br\/wp-content\/uploads\/2024\/06\/mesa-2-600x270.jpg 600w, https:\/\/acrj.org.br\/wp-content\/uploads\/2024\/06\/mesa-2.jpg 2000w\" sizes=\"(max-width: 1024px) 100vw, 1024px\" \/><\/figure>\n","protected":false},"excerpt":{"rendered":"<p>Os membros do Conselho de Comunidades, Novos Neg\u00f3cios e Economia Solid\u00e1ria da ACRJ se reuniram, dia 13 de junho, para definir algumas a\u00e7\u00f5es para o&hellip;<\/p>\n","protected":false},"author":3,"featured_media":26825,"comment_status":"closed","ping_status":"closed","sticky":false,"template":"","format":"standard","meta":{"_exactmetrics_skip_tracking":false,"_exactmetrics_sitenote_active":false,"_exactmetrics_sitenote_note":"","_exactmetrics_sitenote_category":0,"footnotes":""},"categories":[56],"tags":[],"class_list":["post-26823","post","type-post","status-publish","format-standard","has-post-thumbnail","hentry","category-destaque_conselhos"],"_links":{"self":[{"href":"https:\/\/acrj.org.br\/index.php\/wp-json\/wp\/v2\/posts\/26823","targetHints":{"allow":["GET"]}}],"collection":[{"href":"https:\/\/acrj.org.br\/index.php\/wp-json\/wp\/v2\/posts"}],"about":[{"href":"https:\/\/acrj.org.br\/index.php\/wp-json\/wp\/v2\/types\/post"}],"author":[{"embeddable":true,"href":"https:\/\/acrj.org.br\/index.php\/wp-json\/wp\/v2\/users\/3"}],"replies":[{"embeddable":true,"href":"https:\/\/acrj.org.br\/index.php\/wp-json\/wp\/v2\/comments?post=26823"}],"version-history":[{"count":0,"href":"https:\/\/acrj.org.br\/index.php\/wp-json\/wp\/v2\/posts\/26823\/revisions"}],"wp:featuredmedia":[{"embeddable":true,"href":"https:\/\/acrj.org.br\/index.php\/wp-json\/wp\/v2\/media\/26825"}],"wp:attachment":[{"href":"https:\/\/acrj.org.br\/index.php\/wp-json\/wp\/v2\/media?parent=26823"}],"wp:term":[{"taxonomy":"category","embeddable":true,"href":"https:\/\/acrj.org.br\/index.php\/wp-json\/wp\/v2\/categories?post=26823"},{"taxonomy":"post_tag","embeddable":true,"href":"https:\/\/acrj.org.br\/index.php\/wp-json\/wp\/v2\/tags?post=26823"}],"curies":[{"name":"wp","href":"https:\/\/api.w.org\/{rel}","templated":true}]}}