{"id":26815,"date":"2024-06-17T10:34:28","date_gmt":"2024-06-17T13:34:28","guid":{"rendered":"https:\/\/acrj.org.br\/?p=26815"},"modified":"2024-10-01T11:00:41","modified_gmt":"2024-10-01T14:00:41","slug":"o-desafio-brasileiro-de-nao-perder-a-oportunidade","status":"publish","type":"post","link":"https:\/\/acrj.org.br\/index.php\/2024\/06\/17\/o-desafio-brasileiro-de-nao-perder-a-oportunidade\/","title":{"rendered":"O desafio brasileiro de n\u00e3o perder a oportunidade"},"content":{"rendered":"\n<p>Por Paulo Hartung, Economista, presidente da Ind\u00fastria Brasileira de \u00c1rvores (IB\u00c1). Foi governador do Esp\u00edrito Santo<\/p>\n\n\n\n<p>Nem em minhas mais otimistas previs\u00f5es enquanto jovem estudante de Economia poderia prever a reviravolta econ\u00f4mica pela qual o Brasil passaria nas d\u00e9cadas que sucederam aqueles anos 1970. A gera\u00e7\u00e3o que viu o pa\u00eds suspender o pagamento da d\u00edvida e declarar morat\u00f3ria jamais esperaria o bilion\u00e1rio saldo de uma balan\u00e7a comercial pendendo positivamente, tal como nos \u00e9 apresentado hoje.<\/p>\n\n\n\n<p>Foi justamente em meados daquela d\u00e9cada que come\u00e7ou minha milit\u00e2ncia pol\u00edtica. Fui eleito o primeiro presidente do DCE (Diret\u00f3rio Central dos Estudantes) na Universidade Federal do Esp\u00edrito Santo no processo de reorganiza\u00e7\u00e3o do movimento estudantil em meio \u00e0 ditadura militar.<\/p>\n\n\n\n<p>De l\u00e1 para c\u00e1, elegi-me deputado estadual (1983-1991), deputado federal (1991-1993) e prefeito de Vit\u00f3ria (1993-1997). Fui ent\u00e3o convidado pelo ent\u00e3o presidente Fernando Henrique Cardoso a assumir a Diretoria de Desenvolvimento Regional e Social do BNDES (Banco Nacional de Desenvolvimento Econ\u00f4mico e Social). Em 1998, fui eleito senador (1999-2003) e, em 2002, governador de meu Estado. Ap\u00f3s dois mandatos \u00e0 frente do governo do Esp\u00edrito Santo (2003-2010), atuei como economista no conselho da EDP Brasil e da Veracel, at\u00e9 voltar para um terceiro mandato no Executivo estadual em 2015.<\/p>\n\n\n\n<p>H\u00e1 seis anos, ap\u00f3s encerrar meu \u00faltimo ciclo de mandatos eletivos, embarquei na miss\u00e3o de estar \u00e0 frente da Ib\u00e1 (Ind\u00fastria Brasileira de \u00c1rvores), entidade que representa um importante setor na economia brasileira: o de \u00e1rvores cultivadas para fins industriais. Trata-se de um segmento do mercado afinado com o futuro, que h\u00e1 d\u00e9cadas investe pesadamente em ci\u00eancia e tecnologia para escalar sua produ\u00e7\u00e3o, ao mesmo tempo em que cuida das pessoas e protege o meio ambiente.<\/p>\n\n\n\n<p>O treinamento que tive na milit\u00e2ncia social, na vida p\u00fablica e na atividade privada me inspira a tecer algumas considera\u00e7\u00f5es sobre o Brasil que vivemos hoje, assim como enseja um olhar sobre nosso futuro.<\/p>\n\n\n\n<p>A primeira delas \u00e9 a constata\u00e7\u00e3o de que a justa insatisfa\u00e7\u00e3o com certos descaminhos do pa\u00eds turva a vis\u00e3o mais clara sobre quest\u00f5es que conseguimos fazer avan\u00e7ar em tempos recentes. Refiro-me \u00e0 agenda das reformas nos \u00faltimos anos, entre elas a da autoridade monet\u00e1ria, a trabalhista e a previdenci\u00e1ria, al\u00e9m da aprova\u00e7\u00e3o de importantes marcos regulat\u00f3rios, como o do saneamento. Medidas cujos resultados j\u00e1 se mostram percept\u00edveis no presente.<\/p>\n\n\n\n<p>Ainda que em meio a muitos trope\u00e7os pol\u00edticos e administrativos, superamos fragilidades do passado apresentando resultados econ\u00f4micos positivos, como pudemos ver no saldo da balan\u00e7a comercial, no crescimento de nossas reservas internacionais, na queda da infla\u00e7\u00e3o e na melhoria do mercado de trabalho.<\/p>\n\n\n\n<p>Minha segunda considera\u00e7\u00e3o, e mais importante, \u00e9 a de que ainda temos grandes desafios pela frente. Embora carregue certo otimismo lastreado na agenda reformista que percorremos, preocupo-me com sua descontinuidade. Aprovamos a reforma tribut\u00e1ria, mas estamos apreensivos com sua regulamenta\u00e7\u00e3o. Assistimos recentemente a mais um adiamento do enfrentamento de nossa desorganiza\u00e7\u00e3o fiscal. Ademais, \u00e9 preciso encaminhar a reforma do RH do setor p\u00fablico, ter aten\u00e7\u00e3o com a grav\u00edssima quest\u00e3o da seguran\u00e7a e do crime organizado, e cuidar com urg\u00eancia da educa\u00e7\u00e3o para a forma\u00e7\u00e3o de capital humano, d\u00e9ficit escancarado para um conjunto de importantes setores da economia brasileira.<\/p>\n\n\n\n<p>Somos um pa\u00eds de imensos potenciais, mas ainda n\u00e3o nos livramos do costume, e da m\u00e1 fama, de deix\u00e1-los esva\u00edrem-se. Podemos e devemos, por exemplo, ser pioneiros na seara da bioeconomia, assim como em muitas outras frentes. Abrigamos a maior floresta tropical, 20% da biodiversidade e 12% da \u00e1gua doce do mundo. Nossa matriz energ\u00e9tica j\u00e1 \u00e9 47% renov\u00e1vel, temos um parque de hidreletricidade pujante, vento constante em diversas regi\u00f5es, sol e boa experi\u00eancia com biomassa.<\/p>\n\n\n\n<p>Nossas conquistas at\u00e9 aqui s\u00e3o relevantes, mas n\u00e3o d\u00e3o conta das dimens\u00f5es de nossos problemas. Reconhecer os avan\u00e7os \u00e9 fundamental, por\u00e9m mais urgente \u00e9 dar andamento ao que ainda n\u00e3o endere\u00e7amos. S\u00f3 assim poderemos dar passos importantes rumo \u00e0 supera\u00e7\u00e3o de um rico pa\u00eds empobrecido pela displic\u00eancia com nossas extraordin\u00e1rias possibilidades. S\u00f3 assim teremos reais condi\u00e7\u00f5es de produzir prosperidade compartilhada para as atuais e as futuras gera\u00e7\u00f5es.<\/p>\n\n\n\n<p>Publicado originalmente no Portal <strong><a href=\"https:\/\/www.cnnbrasil.com.br\/colunas\/paulo-hartung\/economia\/o-desafio-brasileiro-de-nao-perder-a-oportunidade\/\">CNN Brasil<\/a><\/strong><\/p>\n","protected":false},"excerpt":{"rendered":"<p>Por Paulo Hartung, Economista, presidente da Ind\u00fastria Brasileira de \u00c1rvores (IB\u00c1). Foi governador do Esp\u00edrito Santo<\/p>\n","protected":false},"author":3,"featured_media":26821,"comment_status":"closed","ping_status":"closed","sticky":false,"template":"","format":"standard","meta":{"_exactmetrics_skip_tracking":false,"_exactmetrics_sitenote_active":false,"_exactmetrics_sitenote_note":"","_exactmetrics_sitenote_category":0,"footnotes":""},"categories":[12,82],"tags":[],"class_list":["post-26815","post","type-post","status-publish","format-standard","has-post-thumbnail","hentry","category-artigos","category-destaque_artigos"],"_links":{"self":[{"href":"https:\/\/acrj.org.br\/index.php\/wp-json\/wp\/v2\/posts\/26815","targetHints":{"allow":["GET"]}}],"collection":[{"href":"https:\/\/acrj.org.br\/index.php\/wp-json\/wp\/v2\/posts"}],"about":[{"href":"https:\/\/acrj.org.br\/index.php\/wp-json\/wp\/v2\/types\/post"}],"author":[{"embeddable":true,"href":"https:\/\/acrj.org.br\/index.php\/wp-json\/wp\/v2\/users\/3"}],"replies":[{"embeddable":true,"href":"https:\/\/acrj.org.br\/index.php\/wp-json\/wp\/v2\/comments?post=26815"}],"version-history":[{"count":0,"href":"https:\/\/acrj.org.br\/index.php\/wp-json\/wp\/v2\/posts\/26815\/revisions"}],"wp:featuredmedia":[{"embeddable":true,"href":"https:\/\/acrj.org.br\/index.php\/wp-json\/wp\/v2\/media\/26821"}],"wp:attachment":[{"href":"https:\/\/acrj.org.br\/index.php\/wp-json\/wp\/v2\/media?parent=26815"}],"wp:term":[{"taxonomy":"category","embeddable":true,"href":"https:\/\/acrj.org.br\/index.php\/wp-json\/wp\/v2\/categories?post=26815"},{"taxonomy":"post_tag","embeddable":true,"href":"https:\/\/acrj.org.br\/index.php\/wp-json\/wp\/v2\/tags?post=26815"}],"curies":[{"name":"wp","href":"https:\/\/api.w.org\/{rel}","templated":true}]}}