{"id":26803,"date":"2024-06-14T10:25:59","date_gmt":"2024-06-14T13:25:59","guid":{"rendered":"https:\/\/acrj.org.br\/?p=26803"},"modified":"2024-07-12T16:25:38","modified_gmt":"2024-07-12T19:25:38","slug":"palestra-economia-criativa","status":"publish","type":"post","link":"https:\/\/acrj.org.br\/index.php\/2024\/06\/14\/palestra-economia-criativa\/","title":{"rendered":"Palestra Economia Criativa"},"content":{"rendered":"\n<p>ACRJ recebe, dia 18 de junho, o especialista em Economia da Cultura, Luiz Carlos Prestes Filho, que far\u00e1 a palestra Economia Criativa no Rio de Janeiro. A iniciativa \u00e9 do Conselho Empresarial das Micro e Pequenas Empresas da ACRJ, em parceria com os Conselhos de Comunidades, Novos Neg\u00f3cios e Economia Solid\u00e1ria e de Cultura.<\/p>\n\n\n\n<p><strong>O evento \u00e9 gratuito<\/strong>, mediante inscri\u00e7\u00e3o pr\u00e9via.<\/p>\n\n\n\n<p><strong>Acesse aqui&nbsp;para se inscrever <\/strong>https:\/\/forms.gle\/Y9PNrLfbjeHYgZZH7<\/p>\n\n\n\n<p><strong>SERVI\u00c7O<\/strong><\/p>\n\n\n\n<p>&#x1f4cc; Data: 18\/6\/2024<\/p>\n\n\n\n<p>&#x1f552; Hor\u00e1rio: 10 horas<\/p>\n\n\n\n<p>&#x1f3e2; Local: Sede da Associa\u00e7\u00e3o Comercial do RJ &#8211; ACRJ &#8211; Rua Candel\u00e1ria, 9\/12\u00ba andar &#8211; Centro &#8211; RJ<\/p>\n\n\n\n<p>&#x260e; Informa\u00e7\u00f5es: 2514-1203<\/p>\n","protected":false},"excerpt":{"rendered":"<p>ACRJ recebe, dia 18 de junho, o especialista em Economia da Cultura, Luiz Carlos Prestes Filho, que far\u00e1 a palestra Economia Criativa no Rio de&hellip;<\/p>\n","protected":false},"author":3,"featured_media":26804,"comment_status":"closed","ping_status":"closed","sticky":false,"template":"","format":"standard","meta":{"_exactmetrics_skip_tracking":false,"_exactmetrics_sitenote_active":false,"_exactmetrics_sitenote_note":"","_exactmetrics_sitenote_category":0,"footnotes":""},"categories":[83],"tags":[],"class_list":["post-26803","post","type-post","status-publish","format-standard","has-post-thumbnail","hentry","category-eventos_acrj"],"_links":{"self":[{"href":"https:\/\/acrj.org.br\/index.php\/wp-json\/wp\/v2\/posts\/26803","targetHints":{"allow":["GET"]}}],"collection":[{"href":"https:\/\/acrj.org.br\/index.php\/wp-json\/wp\/v2\/posts"}],"about":[{"href":"https:\/\/acrj.org.br\/index.php\/wp-json\/wp\/v2\/types\/post"}],"author":[{"embeddable":true,"href":"https:\/\/acrj.org.br\/index.php\/wp-json\/wp\/v2\/users\/3"}],"replies":[{"embeddable":true,"href":"https:\/\/acrj.org.br\/index.php\/wp-json\/wp\/v2\/comments?post=26803"}],"version-history":[{"count":0,"href":"https:\/\/acrj.org.br\/index.php\/wp-json\/wp\/v2\/posts\/26803\/revisions"}],"wp:featuredmedia":[{"embeddable":true,"href":"https:\/\/acrj.org.br\/index.php\/wp-json\/wp\/v2\/media\/26804"}],"wp:attachment":[{"href":"https:\/\/acrj.org.br\/index.php\/wp-json\/wp\/v2\/media?parent=26803"}],"wp:term":[{"taxonomy":"category","embeddable":true,"href":"https:\/\/acrj.org.br\/index.php\/wp-json\/wp\/v2\/categories?post=26803"},{"taxonomy":"post_tag","embeddable":true,"href":"https:\/\/acrj.org.br\/index.php\/wp-json\/wp\/v2\/tags?post=26803"}],"curies":[{"name":"wp","href":"https:\/\/api.w.org\/{rel}","templated":true}]}}