{"id":26728,"date":"2024-06-13T10:00:00","date_gmt":"2024-06-13T13:00:00","guid":{"rendered":"https:\/\/acrj.org.br\/?p=26728"},"modified":"2024-11-12T15:39:25","modified_gmt":"2024-11-12T18:39:25","slug":"palestra-g20-longevidade-e-cidades-inteligentes-e-sustentaveis","status":"publish","type":"post","link":"https:\/\/acrj.org.br\/index.php\/2024\/06\/13\/palestra-g20-longevidade-e-cidades-inteligentes-e-sustentaveis\/","title":{"rendered":"Palestra G20 \u2013 Longevidade e Cidades Inteligentes e Sustent\u00e1veis"},"content":{"rendered":"\n<p>A ACRJ recebe, dia 25 de junho, a consultora Fabienne Schiavo, que far\u00e1 uma palestra sobre Longevidade e Cidades Inteligentes no \u00e2mbito do G20 \u2013 materializando os acordos globais em a\u00e7\u00f5es locais. Fabienne \u00e9 colaboradora da Autoridade do Desenvolvimento Sustent\u00e1vel do Governo do Estado do Rio de Janeiro.<\/p>\n\n\n\n<p>A iniciativa \u00e9 do Conselho Empresarial do Ecossistema da Longevidade da ACRJ e conta com o apoio dos Conselhos do Ecossistema da Sa\u00fade e do Turismo, de Educa\u00e7\u00e3o, de Esporte, lazer e Desenvolvimento Social, de Gest\u00e3o de Recursos Humanos e Desenvolvimento Organizacional e das Micro e Pequenas Empresas.<\/p>\n\n\n\n<p>O encontro \u00e9 gratuito, mediante inscri\u00e7\u00e3o pr\u00e9via.<\/p>\n\n\n\n<p><strong>Acesse <\/strong><a href=\"https:\/\/forms.gle\/oMysdLie7EsefzXp8\"><strong>aqui<\/strong>&nbsp;<\/a><strong>para se inscrever <\/strong><\/p>\n\n\n\n<p><strong>SERVI\u00c7O<\/strong><\/p>\n\n\n\n<p>&#x1f4cc; Data: 25\/6\/2024<\/p>\n\n\n\n<p>&#x1f552; Hor\u00e1rio: 15h30<\/p>\n\n\n\n<p>&#x1f3e2; Local: Sede da Associa\u00e7\u00e3o Comercial do RJ &#8211; ACRJ &#8211; Rua Candel\u00e1ria, 9\/12\u00ba andar &#8211; Centro &#8211; RJ<\/p>\n\n\n\n<p>&#x260e; Informa\u00e7\u00f5es: 2514-1203<\/p>\n\n\n\n<figure class=\"wp-block-image size-large is-resized\"><img fetchpriority=\"high\" decoding=\"async\" width=\"873\" height=\"1024\" src=\"https:\/\/acrj.org.br\/wp-content\/uploads\/2024\/06\/palestra-G20-e-longevidade_com-outros-conselhos-873x1024.jpeg\" alt=\"\" class=\"wp-image-26747\" style=\"width:360px\" srcset=\"https:\/\/acrj.org.br\/wp-content\/uploads\/2024\/06\/palestra-G20-e-longevidade_com-outros-conselhos-873x1024.jpeg 873w, https:\/\/acrj.org.br\/wp-content\/uploads\/2024\/06\/palestra-G20-e-longevidade_com-outros-conselhos-256x300.jpeg 256w, https:\/\/acrj.org.br\/wp-content\/uploads\/2024\/06\/palestra-G20-e-longevidade_com-outros-conselhos-768x901.jpeg 768w, https:\/\/acrj.org.br\/wp-content\/uploads\/2024\/06\/palestra-G20-e-longevidade_com-outros-conselhos-1309x1536.jpeg 1309w, https:\/\/acrj.org.br\/wp-content\/uploads\/2024\/06\/palestra-G20-e-longevidade_com-outros-conselhos-600x704.jpeg 600w, https:\/\/acrj.org.br\/wp-content\/uploads\/2024\/06\/palestra-G20-e-longevidade_com-outros-conselhos.jpeg 1364w\" sizes=\"(max-width: 873px) 100vw, 873px\" \/><\/figure>\n","protected":false},"excerpt":{"rendered":"<p>A ACRJ recebe, dia 25 de junho, a consultora Fabienne Schiavo, que far\u00e1 uma palestra sobre Longevidade e Cidades Inteligentes no \u00e2mbito do G20 \u2013&hellip;<\/p>\n","protected":false},"author":3,"featured_media":26748,"comment_status":"closed","ping_status":"closed","sticky":false,"template":"","format":"standard","meta":{"_exactmetrics_skip_tracking":false,"_exactmetrics_sitenote_active":false,"_exactmetrics_sitenote_note":"","_exactmetrics_sitenote_category":0,"footnotes":""},"categories":[55,83],"tags":[],"class_list":["post-26728","post","type-post","status-publish","format-standard","has-post-thumbnail","hentry","category-destaque_eventos","category-eventos_acrj"],"_links":{"self":[{"href":"https:\/\/acrj.org.br\/index.php\/wp-json\/wp\/v2\/posts\/26728","targetHints":{"allow":["GET"]}}],"collection":[{"href":"https:\/\/acrj.org.br\/index.php\/wp-json\/wp\/v2\/posts"}],"about":[{"href":"https:\/\/acrj.org.br\/index.php\/wp-json\/wp\/v2\/types\/post"}],"author":[{"embeddable":true,"href":"https:\/\/acrj.org.br\/index.php\/wp-json\/wp\/v2\/users\/3"}],"replies":[{"embeddable":true,"href":"https:\/\/acrj.org.br\/index.php\/wp-json\/wp\/v2\/comments?post=26728"}],"version-history":[{"count":0,"href":"https:\/\/acrj.org.br\/index.php\/wp-json\/wp\/v2\/posts\/26728\/revisions"}],"wp:featuredmedia":[{"embeddable":true,"href":"https:\/\/acrj.org.br\/index.php\/wp-json\/wp\/v2\/media\/26748"}],"wp:attachment":[{"href":"https:\/\/acrj.org.br\/index.php\/wp-json\/wp\/v2\/media?parent=26728"}],"wp:term":[{"taxonomy":"category","embeddable":true,"href":"https:\/\/acrj.org.br\/index.php\/wp-json\/wp\/v2\/categories?post=26728"},{"taxonomy":"post_tag","embeddable":true,"href":"https:\/\/acrj.org.br\/index.php\/wp-json\/wp\/v2\/tags?post=26728"}],"curies":[{"name":"wp","href":"https:\/\/api.w.org\/{rel}","templated":true}]}}