{"id":2670,"date":"2018-09-13T11:13:00","date_gmt":"2018-09-13T14:13:00","guid":{"rendered":"http:\/\/acrj2020.profissional.ws\/?p=2670"},"modified":"2020-03-01T11:14:11","modified_gmt":"2020-03-01T14:14:11","slug":"acrj-e-sebrae-realizam-1a-edicao-do-cafe-com-negocios-em-2018","status":"publish","type":"post","link":"https:\/\/acrj.org.br\/index.php\/2018\/09\/13\/acrj-e-sebrae-realizam-1a-edicao-do-cafe-com-negocios-em-2018\/","title":{"rendered":"ACRJ e Sebrae realizam 1\u00aa edi\u00e7\u00e3o do Caf\u00e9 com Neg\u00f3cios em 2018"},"content":{"rendered":"\n<p>Mais de 100 pequenas, m\u00e9dias e grandes empresas participaram da 1\u00aa edi\u00e7\u00e3o do Caf\u00e9 com Neg\u00f3cios em 2018. O evento que gera oportunidades de neg\u00f3cios com reuni\u00f5es comerciais simult\u00e2neas para apresenta\u00e7\u00e3o de produtos e servi\u00e7os, aconteceu nesta quinta-feira (13), na Casa do Empres\u00e1rio. A volta do Caf\u00e9 com Neg\u00f3cios contou com o apoio do Sebrae e de empresas \u00e2ncoras como a Braskem, a Paperbox, a Itagua\u00ed Constru\u00e7\u00f5es Navais, a Plastilab, e a Sicredi.<\/p>\n\n\n\n<p>O vice-presidente da ACRJ, Helio Ferraz, deu as boas-vindas aos empreendedores e ressaltou que a ACRJ incentiva eventos como o Caf\u00e9 com Neg\u00f3cios para a volta do desenvolvimento econ\u00f4mico do Rio de Janeiro. Antes das sess\u00f5es de neg\u00f3cios, o CEO da Itagua\u00ed Constru\u00e7\u00f5es Navais, Andr\u00e9 Portalis, falou sobre as novas oportunidades que est\u00e3o surgindo no estado e falou tamb\u00e9m sobre a empresa que lan\u00e7ar\u00e1 ainda este ano o&nbsp;S40 \u201cRiachuelo\u201d, o primeiro submarino&nbsp;brasileiro com propuls\u00e3o nuclear.<\/p>\n\n\n\n<p>Tamb\u00e9m estiveram presentes no evento a presidente do Conselho Deliberativo Estadual do Sebrae, Carla Pinheiro; o diretor-superintendente do Sebrae\/RJ, Cezar Vasquez; e o diretor de desenvolvimento do Sebrae\/RJ, Evandro Pe\u00e7anha. Renato Regazzi, Gerente da \u00c1rea de Grandes Empreendimentos, e Cezar Kirszenblatt, Gerente de Conhecimento e Competitividade, apresentaram aos participantes o Portal de Intelig\u00eancia e Competitividade do Sebrae como forma de ampliar o conhecimento do ambiente de neg\u00f3cios no Rio de Janeiro e em todo pa\u00eds.<\/p>\n\n\n\n<p>A pr\u00f3xima edi\u00e7\u00e3o do Caf\u00e9 com Neg\u00f3cios ser\u00e1 realizada em outubro. Mais informa\u00e7\u00f5es em breve.<\/p>\n","protected":false},"excerpt":{"rendered":"<p>Mais de 100 pequenas, m\u00e9dias e grandes empresas participaram da 1\u00aa edi\u00e7\u00e3o do Caf\u00e9 com Neg\u00f3cios em 2018. O evento que gera oportunidades de neg\u00f3cios&hellip;<\/p>\n","protected":false},"author":1,"featured_media":2671,"comment_status":"closed","ping_status":"open","sticky":false,"template":"","format":"standard","meta":{"_exactmetrics_skip_tracking":false,"_exactmetrics_sitenote_active":false,"_exactmetrics_sitenote_note":"","_exactmetrics_sitenote_category":0,"footnotes":""},"categories":[10],"tags":[],"class_list":["post-2670","post","type-post","status-publish","format-standard","has-post-thumbnail","hentry","category-noticias"],"_links":{"self":[{"href":"https:\/\/acrj.org.br\/index.php\/wp-json\/wp\/v2\/posts\/2670","targetHints":{"allow":["GET"]}}],"collection":[{"href":"https:\/\/acrj.org.br\/index.php\/wp-json\/wp\/v2\/posts"}],"about":[{"href":"https:\/\/acrj.org.br\/index.php\/wp-json\/wp\/v2\/types\/post"}],"author":[{"embeddable":true,"href":"https:\/\/acrj.org.br\/index.php\/wp-json\/wp\/v2\/users\/1"}],"replies":[{"embeddable":true,"href":"https:\/\/acrj.org.br\/index.php\/wp-json\/wp\/v2\/comments?post=2670"}],"version-history":[{"count":0,"href":"https:\/\/acrj.org.br\/index.php\/wp-json\/wp\/v2\/posts\/2670\/revisions"}],"wp:featuredmedia":[{"embeddable":true,"href":"https:\/\/acrj.org.br\/index.php\/wp-json\/wp\/v2\/media\/2671"}],"wp:attachment":[{"href":"https:\/\/acrj.org.br\/index.php\/wp-json\/wp\/v2\/media?parent=2670"}],"wp:term":[{"taxonomy":"category","embeddable":true,"href":"https:\/\/acrj.org.br\/index.php\/wp-json\/wp\/v2\/categories?post=2670"},{"taxonomy":"post_tag","embeddable":true,"href":"https:\/\/acrj.org.br\/index.php\/wp-json\/wp\/v2\/tags?post=2670"}],"curies":[{"name":"wp","href":"https:\/\/api.w.org\/{rel}","templated":true}]}}