{"id":26692,"date":"2024-06-07T16:41:02","date_gmt":"2024-06-07T19:41:02","guid":{"rendered":"https:\/\/acrj.org.br\/?p=26692"},"modified":"2024-06-07T17:03:21","modified_gmt":"2024-06-07T20:03:21","slug":"conselho-de-varejo-debate-tecnologias-e-novas-geracoes-e-recebe-superintendente-do-ciee","status":"publish","type":"post","link":"https:\/\/acrj.org.br\/index.php\/2024\/06\/07\/conselho-de-varejo-debate-tecnologias-e-novas-geracoes-e-recebe-superintendente-do-ciee\/","title":{"rendered":"Conselho de Varejo debate tecnologias e novas gera\u00e7\u00f5es e recebe superintendente do CIEE"},"content":{"rendered":"\n<p>O presidente do Conselho Empresarial de Varejo da ACRJ, Juedir Teixeira, abriu a reuni\u00e3o, realizada nesta 6\u00aa feira (7\/junho), fazendo uma reflex\u00e3o sobre os impactos das novas gera\u00e7\u00f5es e das mais recentes tecnologias no varejo e o que fazer para se adaptar. Ele apresentou um quadro mostrando as diversas gera\u00e7\u00f5es desde a d\u00e9cada de 1960 e suas caracter\u00edsticas marcantes, em rela\u00e7\u00e3o \u00e0 sua forma\u00e7\u00e3o, escolaridade, envolvimento com a tecnologia, estilo de vida, etc. \u201cAs novas gera\u00e7\u00f5es t\u00eam um impacto significativo no varejo, exigindo das empresas r\u00e1pida adapta\u00e7\u00e3o para atender \u00e0s suas demandas e expectativas. Ao compreender essas mudan\u00e7as e adotar estrat\u00e9gias adequadas, as empresas do setor podem minimizar os impactos negativos e se beneficiar das oportunidades proporcionadas por esses p\u00fablicos mais jovens. A inova\u00e7\u00e3o, a personaliza\u00e7\u00e3o, a sustentabilidade e a melhoria da experi\u00eancia do cliente s\u00e3o elementos-chave para o sucesso das empresas no varejo contempor\u00e2neo e para a constru\u00e7\u00e3o de relacionamentos s\u00f3lidos com as novas gera\u00e7\u00f5es de consumidores\u201d, explicou.<\/p>\n\n\n\n<p>Citou tamb\u00e9m algumas das novas tecnologias dispon\u00edveis no mercado para ajudar os empreendedores e diante da r\u00e1pida evolu\u00e7\u00e3o tecnol\u00f3gica, Juedir Teixeira destacou que as empresas varejistas precisam adotar estrat\u00e9gias proativas para aproveitar os benef\u00edcios das novas tecnologias e minimizar seus impactos negativos. \u201cAs novas tecnologias t\u00eam o potencial de revolucionar o setor varejista, oferecendo oportunidades para otimiza\u00e7\u00e3o de processos, personaliza\u00e7\u00e3o de experi\u00eancias e cria\u00e7\u00e3o de vantagens competitivas. O varejo precisa adotar uma abordagem estrat\u00e9gica que envolva investimento em capacita\u00e7\u00e3o, foco na experi\u00eancia do cliente, integra\u00e7\u00e3o de canais, seguran\u00e7a de dados e adapta\u00e7\u00e3o cont\u00ednua \u00e0s mudan\u00e7as do mercado. Ao abra\u00e7ar as novas tecnologias de forma inteligente e proativa, as empresas varejistas podem se manter relevantes e competitivas em um cen\u00e1rio cada vez mais digital e conectado\u201d, ressaltou.<\/p>\n\n\n\n<p>Na segunda parte da reuni\u00e3o, a sess\u00e3o Hist\u00f3ria das Marcas contou com a presen\u00e7a do superintendente do CIEE Rio (Centro de Integra\u00e7\u00e3o Empresa Escola), Luiz Gustavo Coppola, membro do Conselho de Varejo. Ele contou brevemente a hist\u00f3ria da institui\u00e7\u00e3o que tem 60 anos de atua\u00e7\u00e3o no apoio \u00e0 juventude no processo de prepara\u00e7\u00e3o e inclus\u00e3o no mercado de trabalho. Desde sua funda\u00e7\u00e3o, o CIEE atendeu mais de dois milh\u00f5es de estagi\u00e1rios. S\u00f3 em maio deste ano foram quase 30 mil jovens que conseguiram um est\u00e1gio e 13.500 uma vaga como aprendiz.<\/p>\n\n\n\n<p>O CIEE \u00e9 hoje uma refer\u00eancia em programas de est\u00e1gio e aprendiz, com um intenso trabalho tamb\u00e9m em projetos de qualifica\u00e7\u00e3o e forma\u00e7\u00e3o de jovens em situa\u00e7\u00e3o de vulnerabilidade.<br>Em sua apresenta\u00e7\u00e3o, Coppola falou ainda sobre os programas voltados para pessoas com defici\u00eancia, a realiza\u00e7\u00e3o de mutir\u00f5es e o trabalho realizado fora da capital atrav\u00e9s de seis Coordenadorias Gerais, 20 Polos de Aprendizagem, Acolhimento e Fortalecimento de V\u00ednculos e nos 15 Escrit\u00f3rios de Atendimento no interior do Estado. Conhe\u00e7a mais sobre o CIEE <strong><a href=\"https:\/\/acrj.org.br\/wp-content\/uploads\/2024\/06\/ACRJ_-Apresentacao-Conselho-de-Varejo_7-06-24.pdf\">aqui<\/a><\/strong><\/p>\n\n\n\n<p>O presidente do Conselho aproveitou a oportunidade e adiantou que o livro sobre o Varejo, que est\u00e1 sendo produzido com artigos dos conselheiros sob sua coordena\u00e7\u00e3o editorial, recebeu a contribui\u00e7\u00e3o de 16 artigos e fechou com 350 p\u00e1ginas. As pr\u00f3ximas etapas ser\u00e3o a revis\u00e3o do conte\u00fado e a editora\u00e7\u00e3o. O livro ter\u00e1 de 500 a mil exemplares contar\u00e1 com o patroc\u00ednio do CIEE e do Grupo Dafel. Juedir Teixeira explicou que ainda \u00e9 necess\u00e1rio o patroc\u00ednio de mais quatro cotas para a finaliza\u00e7\u00e3o da publica\u00e7\u00e3o, que ser\u00e1 lan\u00e7ada durante a 2\u00aa edi\u00e7\u00e3o do F\u00f3rum Rio Empreendedor da ACRJ, em setembro.<\/p>\n\n\n\n<figure class=\"wp-block-image size-large is-resized\"><img fetchpriority=\"high\" decoding=\"async\" width=\"1024\" height=\"504\" src=\"https:\/\/acrj.org.br\/wp-content\/uploads\/2024\/06\/ruy-1024x504.jpg\" alt=\"\" class=\"wp-image-26696\" style=\"width:360px\" srcset=\"https:\/\/acrj.org.br\/wp-content\/uploads\/2024\/06\/ruy-1024x504.jpg 1024w, https:\/\/acrj.org.br\/wp-content\/uploads\/2024\/06\/ruy-300x148.jpg 300w, https:\/\/acrj.org.br\/wp-content\/uploads\/2024\/06\/ruy-768x378.jpg 768w, https:\/\/acrj.org.br\/wp-content\/uploads\/2024\/06\/ruy-1536x756.jpg 1536w, https:\/\/acrj.org.br\/wp-content\/uploads\/2024\/06\/ruy-600x296.jpg 600w, https:\/\/acrj.org.br\/wp-content\/uploads\/2024\/06\/ruy.jpg 2000w\" sizes=\"(max-width: 1024px) 100vw, 1024px\" \/><figcaption class=\"wp-element-caption\">Ricardo Guin\u00e2ncio, Juedir Teixeira, Ruy Barreto Filho e Michelle Fernandes<\/figcaption><\/figure>\n\n\n\n<figure class=\"wp-block-image size-large is-resized\"><img decoding=\"async\" width=\"1024\" height=\"701\" src=\"https:\/\/acrj.org.br\/wp-content\/uploads\/2024\/06\/coppola-1024x701.jpg\" alt=\"\" class=\"wp-image-26697\" style=\"width:360px\" srcset=\"https:\/\/acrj.org.br\/wp-content\/uploads\/2024\/06\/coppola-1024x701.jpg 1024w, https:\/\/acrj.org.br\/wp-content\/uploads\/2024\/06\/coppola-300x205.jpg 300w, https:\/\/acrj.org.br\/wp-content\/uploads\/2024\/06\/coppola-768x526.jpg 768w, https:\/\/acrj.org.br\/wp-content\/uploads\/2024\/06\/coppola-1536x1051.jpg 1536w, https:\/\/acrj.org.br\/wp-content\/uploads\/2024\/06\/coppola-2048x1402.jpg 2048w, https:\/\/acrj.org.br\/wp-content\/uploads\/2024\/06\/coppola-600x411.jpg 600w\" sizes=\"(max-width: 1024px) 100vw, 1024px\" \/><figcaption class=\"wp-element-caption\">Gustavo Coppola<\/figcaption><\/figure>\n\n\n\n<figure class=\"wp-block-image size-large is-resized\"><img decoding=\"async\" width=\"1024\" height=\"461\" src=\"https:\/\/acrj.org.br\/wp-content\/uploads\/2024\/06\/mesa-1-1024x461.jpg\" alt=\"\" class=\"wp-image-26698\" style=\"width:360px\" srcset=\"https:\/\/acrj.org.br\/wp-content\/uploads\/2024\/06\/mesa-1-1024x461.jpg 1024w, https:\/\/acrj.org.br\/wp-content\/uploads\/2024\/06\/mesa-1-300x135.jpg 300w, https:\/\/acrj.org.br\/wp-content\/uploads\/2024\/06\/mesa-1-768x346.jpg 768w, https:\/\/acrj.org.br\/wp-content\/uploads\/2024\/06\/mesa-1-1536x691.jpg 1536w, https:\/\/acrj.org.br\/wp-content\/uploads\/2024\/06\/mesa-1-600x270.jpg 600w, https:\/\/acrj.org.br\/wp-content\/uploads\/2024\/06\/mesa-1.jpg 2000w\" sizes=\"(max-width: 1024px) 100vw, 1024px\" \/><\/figure>\n\n\n\n<figure class=\"wp-block-image size-large is-resized\"><img loading=\"lazy\" decoding=\"async\" width=\"1024\" height=\"768\" src=\"https:\/\/acrj.org.br\/wp-content\/uploads\/2024\/06\/trofeu-1024x768.jpeg\" alt=\"\" class=\"wp-image-26699\" style=\"width:360px\" srcset=\"https:\/\/acrj.org.br\/wp-content\/uploads\/2024\/06\/trofeu-1024x768.jpeg 1024w, https:\/\/acrj.org.br\/wp-content\/uploads\/2024\/06\/trofeu-300x225.jpeg 300w, https:\/\/acrj.org.br\/wp-content\/uploads\/2024\/06\/trofeu-768x576.jpeg 768w, https:\/\/acrj.org.br\/wp-content\/uploads\/2024\/06\/trofeu-1536x1152.jpeg 1536w, https:\/\/acrj.org.br\/wp-content\/uploads\/2024\/06\/trofeu-2048x1536.jpeg 2048w, https:\/\/acrj.org.br\/wp-content\/uploads\/2024\/06\/trofeu-600x450.jpeg 600w\" sizes=\"(max-width: 1024px) 100vw, 1024px\" \/><figcaption class=\"wp-element-caption\">Juedir Teixeira recebeu um trof\u00e9u do CIEE <br>em agradecimento pelo convite para que a institui\u00e7\u00e3o fosse membro do Conselho<\/figcaption><\/figure>\n","protected":false},"excerpt":{"rendered":"<p>O presidente do Conselho Empresarial de Varejo da ACRJ, Juedir Teixeira, abriu a reuni\u00e3o, realizada nesta 6\u00aa feira (7\/junho), fazendo uma reflex\u00e3o sobre os impactos&hellip;<\/p>\n","protected":false},"author":3,"featured_media":26695,"comment_status":"closed","ping_status":"closed","sticky":false,"template":"","format":"standard","meta":{"_exactmetrics_skip_tracking":false,"_exactmetrics_sitenote_active":false,"_exactmetrics_sitenote_note":"","_exactmetrics_sitenote_category":0,"footnotes":""},"categories":[56],"tags":[],"class_list":["post-26692","post","type-post","status-publish","format-standard","has-post-thumbnail","hentry","category-destaque_conselhos"],"_links":{"self":[{"href":"https:\/\/acrj.org.br\/index.php\/wp-json\/wp\/v2\/posts\/26692","targetHints":{"allow":["GET"]}}],"collection":[{"href":"https:\/\/acrj.org.br\/index.php\/wp-json\/wp\/v2\/posts"}],"about":[{"href":"https:\/\/acrj.org.br\/index.php\/wp-json\/wp\/v2\/types\/post"}],"author":[{"embeddable":true,"href":"https:\/\/acrj.org.br\/index.php\/wp-json\/wp\/v2\/users\/3"}],"replies":[{"embeddable":true,"href":"https:\/\/acrj.org.br\/index.php\/wp-json\/wp\/v2\/comments?post=26692"}],"version-history":[{"count":0,"href":"https:\/\/acrj.org.br\/index.php\/wp-json\/wp\/v2\/posts\/26692\/revisions"}],"wp:featuredmedia":[{"embeddable":true,"href":"https:\/\/acrj.org.br\/index.php\/wp-json\/wp\/v2\/media\/26695"}],"wp:attachment":[{"href":"https:\/\/acrj.org.br\/index.php\/wp-json\/wp\/v2\/media?parent=26692"}],"wp:term":[{"taxonomy":"category","embeddable":true,"href":"https:\/\/acrj.org.br\/index.php\/wp-json\/wp\/v2\/categories?post=26692"},{"taxonomy":"post_tag","embeddable":true,"href":"https:\/\/acrj.org.br\/index.php\/wp-json\/wp\/v2\/tags?post=26692"}],"curies":[{"name":"wp","href":"https:\/\/api.w.org\/{rel}","templated":true}]}}