{"id":26601,"date":"2024-06-07T10:00:00","date_gmt":"2024-06-07T13:00:00","guid":{"rendered":"https:\/\/acrj.org.br\/?p=26601"},"modified":"2024-11-12T15:39:34","modified_gmt":"2024-11-12T18:39:34","slug":"conexoes-esg-mulheres-liderando-a-transformacao-sustentavel-e-o-tema-do-debate-promovido-pela-acrj","status":"publish","type":"post","link":"https:\/\/acrj.org.br\/index.php\/2024\/06\/07\/conexoes-esg-mulheres-liderando-a-transformacao-sustentavel-e-o-tema-do-debate-promovido-pela-acrj\/","title":{"rendered":"\u201cConex\u00f5es ESG: Mulheres liderando a transforma\u00e7\u00e3o sustent\u00e1vel\u201d \u00e9 o tema do debate promovido pela ACRJ"},"content":{"rendered":"\n<p>A ACRJ promove, dia 12 de junho, um debate organizado pelos Conselhos Empresariais da Mulher e de Governan\u00e7a, Compliance e Diversidade da ACRJ, com modera\u00e7\u00e3o dos presidentes dos dois Conselhos: Michelle Novaes e Humberto Mota Filho. Participam as especialistas Helen Pedroso (L\u2019Or\u00e9al), Andr\u00e9a Martins (Latam) e Tatiana Bastos (IDC)<\/p>\n\n\n\n<p>O evento \u00e9 gratuito, mediante inscri\u00e7\u00e3o pr\u00e9via. Confira a programa\u00e7\u00e3o abaixo.<\/p>\n\n\n\n<p><strong><a href=\"https:\/\/forms.gle\/GfYhGFR4tsFsecxa6\">Acesse aqui&nbsp;<\/a>para se inscrever <\/strong><\/p>\n\n\n\n<p><strong>SERVI\u00c7O<\/strong><\/p>\n\n\n\n<p>&#x1f4cc; Data: 12\/6\/2024<\/p>\n\n\n\n<p>&#x1f552; Hor\u00e1rio: 9 horas<\/p>\n\n\n\n<p>&#x1f3e2; Local: Sede da Associa\u00e7\u00e3o Comercial do RJ &#8211; ACRJ &#8211; Rua Candel\u00e1ria, 9\/12\u00ba andar &#8211; Centro &#8211; RJ<\/p>\n\n\n\n<p>&#x260e; Informa\u00e7\u00f5es: 2514-1203<\/p>\n\n\n\n<figure class=\"wp-block-image size-large is-resized\"><img fetchpriority=\"high\" decoding=\"async\" width=\"824\" height=\"1024\" src=\"https:\/\/acrj.org.br\/wp-content\/uploads\/2024\/06\/Reuniao-12_jun_palestra-Conexoes-ESG-824x1024.jpeg\" alt=\"\" class=\"wp-image-26602\" style=\"width:350px\" srcset=\"https:\/\/acrj.org.br\/wp-content\/uploads\/2024\/06\/Reuniao-12_jun_palestra-Conexoes-ESG-824x1024.jpeg 824w, https:\/\/acrj.org.br\/wp-content\/uploads\/2024\/06\/Reuniao-12_jun_palestra-Conexoes-ESG-242x300.jpeg 242w, https:\/\/acrj.org.br\/wp-content\/uploads\/2024\/06\/Reuniao-12_jun_palestra-Conexoes-ESG-768x954.jpeg 768w, https:\/\/acrj.org.br\/wp-content\/uploads\/2024\/06\/Reuniao-12_jun_palestra-Conexoes-ESG-1236x1536.jpeg 1236w, https:\/\/acrj.org.br\/wp-content\/uploads\/2024\/06\/Reuniao-12_jun_palestra-Conexoes-ESG-600x745.jpeg 600w, https:\/\/acrj.org.br\/wp-content\/uploads\/2024\/06\/Reuniao-12_jun_palestra-Conexoes-ESG.jpeg 1288w\" sizes=\"(max-width: 824px) 100vw, 824px\" \/><\/figure>\n","protected":false},"excerpt":{"rendered":"<p>A ACRJ promove, dia 12 de junho, um debate organizado pelos Conselhos Empresariais da Mulher e de Governan\u00e7a, Compliance e Diversidade da ACRJ, com modera\u00e7\u00e3o&hellip;<\/p>\n","protected":false},"author":3,"featured_media":26603,"comment_status":"closed","ping_status":"closed","sticky":false,"template":"","format":"standard","meta":{"_exactmetrics_skip_tracking":false,"_exactmetrics_sitenote_active":false,"_exactmetrics_sitenote_note":"","_exactmetrics_sitenote_category":0,"footnotes":""},"categories":[55,83],"tags":[],"class_list":["post-26601","post","type-post","status-publish","format-standard","has-post-thumbnail","hentry","category-destaque_eventos","category-eventos_acrj"],"_links":{"self":[{"href":"https:\/\/acrj.org.br\/index.php\/wp-json\/wp\/v2\/posts\/26601","targetHints":{"allow":["GET"]}}],"collection":[{"href":"https:\/\/acrj.org.br\/index.php\/wp-json\/wp\/v2\/posts"}],"about":[{"href":"https:\/\/acrj.org.br\/index.php\/wp-json\/wp\/v2\/types\/post"}],"author":[{"embeddable":true,"href":"https:\/\/acrj.org.br\/index.php\/wp-json\/wp\/v2\/users\/3"}],"replies":[{"embeddable":true,"href":"https:\/\/acrj.org.br\/index.php\/wp-json\/wp\/v2\/comments?post=26601"}],"version-history":[{"count":0,"href":"https:\/\/acrj.org.br\/index.php\/wp-json\/wp\/v2\/posts\/26601\/revisions"}],"wp:featuredmedia":[{"embeddable":true,"href":"https:\/\/acrj.org.br\/index.php\/wp-json\/wp\/v2\/media\/26603"}],"wp:attachment":[{"href":"https:\/\/acrj.org.br\/index.php\/wp-json\/wp\/v2\/media?parent=26601"}],"wp:term":[{"taxonomy":"category","embeddable":true,"href":"https:\/\/acrj.org.br\/index.php\/wp-json\/wp\/v2\/categories?post=26601"},{"taxonomy":"post_tag","embeddable":true,"href":"https:\/\/acrj.org.br\/index.php\/wp-json\/wp\/v2\/tags?post=26601"}],"curies":[{"name":"wp","href":"https:\/\/api.w.org\/{rel}","templated":true}]}}