{"id":2659,"date":"2018-09-18T11:02:00","date_gmt":"2018-09-18T14:02:00","guid":{"rendered":"http:\/\/acrj2020.profissional.ws\/?p=2659"},"modified":"2020-03-01T11:04:17","modified_gmt":"2020-03-01T14:04:17","slug":"receita-da-30-dias-para-micro-e-pequenas-empresas-devedoras-pagarem-os-debitos-para-nao-serem-excluidas-do-simples-nacional","status":"publish","type":"post","link":"https:\/\/acrj.org.br\/index.php\/2018\/09\/18\/receita-da-30-dias-para-micro-e-pequenas-empresas-devedoras-pagarem-os-debitos-para-nao-serem-excluidas-do-simples-nacional\/","title":{"rendered":"Receita d\u00e1 30 dias para micro e pequenas empresas devedoras pagarem os d\u00e9bitos para n\u00e3o serem exclu\u00eddas do Simples Nacional"},"content":{"rendered":"\n<p>A Receita Federal do Brasil (RFB) disponibilizou no Domic\u00edlio Tribut\u00e1rio Eletr\u00f4nico do Simples Nacional (DTE-SN), os Atos Declarat\u00f3rios Executivos (ADE) que notificam as micro e pequenas empresas que est\u00e3o devendo e devem solucionar o problema, em no m\u00e1ximo 30 dias, para n\u00e3o serem exclu\u00eddas do Simples Nacional (SN). Segundo consta no site da Receita Federal, foram notificadas 716.948 empresas que por d\u00edvidas que totalizam R$ 19,5 bilh\u00f5es.<\/p>\n\n\n\n<p>Para acessar a notifica\u00e7\u00e3o os representantes das empresas devem acessar o&nbsp;<a href=\"http:\/\/www8.receita.fazenda.gov.br\/simplesnacional\/\" target=\"_blank\" rel=\"noreferrer noopener\">Portal do Simples Nacional<\/a>&nbsp;ou o&nbsp;<a href=\"https:\/\/cav.receita.fazenda.gov.br\/autenticacao\/login\" target=\"_blank\" rel=\"noreferrer noopener\">Atendimento Virtual (e-CAC)<\/a>, no s\u00edtio da Receita Federal na Internet, com o certificado digital ou com o c\u00f3digo de acesso, dentro de 45 dias a partir de sua disponibiliza\u00e7\u00e3o nesse ambiente eletr\u00f4nico, sendo que o acesso d\u00e1 in\u00edcio \u00e0 ci\u00eancia para todos os fins, inclusive para a contagem dos prazos para defesa, pagamento, parcelamento ou compensa\u00e7\u00e3o. Como os d\u00e9bitos com exigibilidade suspensa n\u00e3o motivam a exclus\u00e3o do Simples Nacional, aqueles d\u00e9bitos inclu\u00eddos no Pert-SN (parcelamento especial) n\u00e3o constar\u00e3o dos ADE de exclus\u00e3o. Vale aproveitar para olhar o relat\u00f3rio de pend\u00eancias para ver se est\u00e1 tudo suspenso mesmo, se n\u00e3o tem nenhuma pend\u00eancia em aberto.<\/p>\n\n\n\n<p>A Receita avisa ainda que a regulariza\u00e7\u00e3o de todos os d\u00e9bitos dentro do prazo legal evita a exclus\u00e3o do Simples Nacional, tornando automaticamente sem efeito o aviso, n\u00e3o sendo necess\u00e1rio comparecer \u00e0s unidades da Receita Federal para adotar qualquer procedimento. Quem n\u00e3o regularizar a situa\u00e7\u00e3o em 30 dias contados da ci\u00eancia ser\u00e1 exclu\u00eddo do Simples Nacional, com efeitos a partir de 1\u00ba de janeiro de 2019, perdendo assim o direito ao pagamento dos tributos de forma reduzida e simplificada.<\/p>\n\n\n\n<p class=\"has-text-align-right has-medium-font-size\"> <strong>Cheryl Berno<\/strong><\/p>\n","protected":false},"excerpt":{"rendered":"<p>A Receita Federal do Brasil (RFB) disponibilizou no Domic\u00edlio Tribut\u00e1rio Eletr\u00f4nico do Simples Nacional (DTE-SN), os Atos Declarat\u00f3rios Executivos (ADE) que notificam as micro e&hellip;<\/p>\n","protected":false},"author":1,"featured_media":2660,"comment_status":"closed","ping_status":"open","sticky":false,"template":"","format":"standard","meta":{"_exactmetrics_skip_tracking":false,"_exactmetrics_sitenote_active":false,"_exactmetrics_sitenote_note":"","_exactmetrics_sitenote_category":0,"footnotes":""},"categories":[10],"tags":[],"class_list":["post-2659","post","type-post","status-publish","format-standard","has-post-thumbnail","hentry","category-noticias"],"_links":{"self":[{"href":"https:\/\/acrj.org.br\/index.php\/wp-json\/wp\/v2\/posts\/2659","targetHints":{"allow":["GET"]}}],"collection":[{"href":"https:\/\/acrj.org.br\/index.php\/wp-json\/wp\/v2\/posts"}],"about":[{"href":"https:\/\/acrj.org.br\/index.php\/wp-json\/wp\/v2\/types\/post"}],"author":[{"embeddable":true,"href":"https:\/\/acrj.org.br\/index.php\/wp-json\/wp\/v2\/users\/1"}],"replies":[{"embeddable":true,"href":"https:\/\/acrj.org.br\/index.php\/wp-json\/wp\/v2\/comments?post=2659"}],"version-history":[{"count":0,"href":"https:\/\/acrj.org.br\/index.php\/wp-json\/wp\/v2\/posts\/2659\/revisions"}],"wp:featuredmedia":[{"embeddable":true,"href":"https:\/\/acrj.org.br\/index.php\/wp-json\/wp\/v2\/media\/2660"}],"wp:attachment":[{"href":"https:\/\/acrj.org.br\/index.php\/wp-json\/wp\/v2\/media?parent=2659"}],"wp:term":[{"taxonomy":"category","embeddable":true,"href":"https:\/\/acrj.org.br\/index.php\/wp-json\/wp\/v2\/categories?post=2659"},{"taxonomy":"post_tag","embeddable":true,"href":"https:\/\/acrj.org.br\/index.php\/wp-json\/wp\/v2\/tags?post=2659"}],"curies":[{"name":"wp","href":"https:\/\/api.w.org\/{rel}","templated":true}]}}