{"id":26575,"date":"2024-06-04T10:56:32","date_gmt":"2024-06-04T13:56:32","guid":{"rendered":"https:\/\/acrj.org.br\/?p=26575"},"modified":"2024-08-26T17:33:10","modified_gmt":"2024-08-26T20:33:10","slug":"dia-dos-namorados","status":"publish","type":"post","link":"https:\/\/acrj.org.br\/index.php\/2024\/06\/04\/dia-dos-namorados\/","title":{"rendered":"Se preparando para vender no Dia dos Namorados"},"content":{"rendered":"\n<p>Por Juedir Teixeira \u2013 presidente do Conselho Empresarial de Varejo da ACRJ<\/p>\n\n\n\n<p>O Dia dos Namorados ou Dia de S\u00e3o Valentim \u00e9 uma data especial e comemorativa na qual se celebra a uni\u00e3o amorosa entre casais, sendo comum a troca de cart\u00f5es e presentes. No Brasil a data \u00e9 comemorada no dia 12 de junho, por ser v\u00e9spera do 13 de junho, Dia de Santo Ant\u00f4nio, santo portugu\u00eas com tradi\u00e7\u00e3o de casamenteiro.<\/p>\n\n\n\n<p>A hist\u00f3ria do Dia de S\u00e3o Valentim remonta a um obscuro dia de jejum tido em homenagem a S\u00e3o Valentim. A associa\u00e7\u00e3o com o amor rom\u00e2ntico chega no final da Idade M\u00e9dia, durante o qual o amor rom\u00e2ntico foi formulado. O Bispo Valentim lutou contra as ordens do imperador Cl\u00e1udio II, que havia proibido o casamento durante as guerras, acreditando que os solteiros eram melhores combatentes.<\/p>\n\n\n\n<p>Al\u00e9m de continuar celebrando casamentos, ele se casou secretamente, apesar da proibi\u00e7\u00e3o do imperador. A pr\u00e1tica foi descoberta e Valentim foi preso e condenado \u00e0 morte. Enquanto estava preso, muitos jovens lhe enviavam flores e bilhetes dizendo que ainda acreditavam no amor. Enquanto aguardava na pris\u00e3o o cumprimento da sua senten\u00e7a, ele se apaixonou pela filha cega de um carcereiro e, milagrosamente, devolveu-lhe a vis\u00e3o. Antes da execu\u00e7\u00e3o, Valentim escreveu uma mensagem de adeus para ela, na qual assinava como \u201cSeu Namorado\u201d ou \u201cDe seu Valentim\u201d. Outra vers\u00e3o diz que no s\u00e9culo XVII, Ingleses e Franceses passaram a celebrar o dia de S\u00e3o Valentim, 14 de fevereiro dia da sua morte, como a uni\u00e3o do Dia dos Namorados<\/p>\n\n\n\n<p>&nbsp;A data foi adotada um s\u00e9culo depois nos&nbsp;<strong>Estados Unidos<\/strong>, tornando-se o&nbsp;<em>The Valentine&#8217;s Day<\/em>. E na&nbsp;Idade M\u00e9dia dizia-se que o dia 14 de fevereiro era o primeiro dia de acasalamento dos p\u00e1ssaros. Por isso, os namorados da Idade M\u00e9dia usavam esta ocasi\u00e3o para deixar mensagens de amor na soleira da porta do(a) amado(a).<\/p>\n\n\n\n<p>Atualmente no Brasil, o Dia dos Namorados \u00e9 o terceiro em termos de oportunidade de venda para o varejo em geral, perdendo apenas para o Dia das M\u00e3es e para o Natal. Estima-se que milh\u00f5es de mensagens rom\u00e2nticas s\u00e3o enviadas a cada ano, tornando esse dia um dos mais lucrativos do ano para o varejo. Tamb\u00e9m se estima que as mulheres comprem aproximadamente 85% de todos os presentes no Brasil. <\/p>\n\n\n\n<p>E voc\u00ea&nbsp; tem criado as suas estrat\u00e9gias para aproveitar esta \u00f3tima&nbsp; chance de vender mais?<\/p>\n\n\n\n<p>As a\u00e7\u00f5es a seguir mencionadas, se adotadas com a devida anteced\u00eancia, poder\u00e3o melhorar o resultado do seu neg\u00f3cio:<\/p>\n\n\n\n<ul class=\"wp-block-list\">\n<li>Preparar um mix de produtos com ofertas especiais, com montagem de kit e outros atrativos para chamar a aten\u00e7\u00e3o de&nbsp;&nbsp; seus clientes e conquistar novos consumidores;<\/li>\n\n\n\n<li>Elaborar uma vitrine atrativa e vendedora, com as principais ofertas oferecidas, para chamar a aten\u00e7\u00e3o do p\u00fablico passante;<\/li>\n\n\n\n<li>Fazer um trabalho de telemarketing e nas m\u00eddias sociais com a devida anteced\u00eancia, comunicando aos seus clientes as principais ofertas da loja \u00e0 sua disposi\u00e7\u00e3o;<\/li>\n\n\n\n<li>Preparar a sua equipe de venda com as melhores pr\u00e1ticas de <strong>abordagem, sondagem, demonstra\u00e7\u00e3o e fechamento de venda, <\/strong>para n\u00e3o perder nenhuma oportunidade de transformar passante em comprador;<\/li>\n\n\n\n<li>Se a sua equipe der uma show de encantamento, esta ser\u00e1 uma grande oportunidade para fidelizar os seus clientes, inclusive os novos, aumentando a sua carteira de clientes satisfeitos;<\/li>\n\n\n\n<li>Pesquisar os principais concorrentes para identificar as ofertas por eles oferecidas e contra atacar com outras alternativas de maior atratividade;<\/li>\n\n\n\n<li>Cadastrar os novos clientes para que possam ser realizadas a\u00e7\u00f5es de p\u00f3s-venda, para torna-los clientes cativos da sua marca;<\/li>\n\n\n\n<li>Ap\u00f3s a data, avaliar os resultados obtidos, comparando com anos anteriores e anotar o que deu certo e que n\u00e3o foi t\u00e3o bem, para que possa ser corrigido no ano seguinte ou em outros eventos da mesma natureza. Agindo dessa forma, voc\u00ea estar\u00e1 fazendo o que se chama no mundo corporativo, notadamente nas grandes empresas, de <strong>gest\u00e3o do conhecimento<\/strong>.<\/li>\n<\/ul>\n\n\n\n<p>As a\u00e7\u00f5es propostas certamente aumentar\u00e3o as vendas da\u00a0 sua loja\u00a0nessa data comemorativa e\u00a0poder\u00e3o aumentar as vendas nos meses subsequentes, com o crescimento da sua base de clientes.<\/p>\n\n\n\n<figure class=\"wp-block-image size-full is-resized\"><img fetchpriority=\"high\" decoding=\"async\" width=\"688\" height=\"688\" src=\"https:\/\/acrj.org.br\/wp-content\/uploads\/2023\/09\/JUEDIR-TEIXEIRA.png\" alt=\"\" class=\"wp-image-18991\" style=\"width:250px\" srcset=\"https:\/\/acrj.org.br\/wp-content\/uploads\/2023\/09\/JUEDIR-TEIXEIRA.png 688w, https:\/\/acrj.org.br\/wp-content\/uploads\/2023\/09\/JUEDIR-TEIXEIRA-300x300.png 300w, https:\/\/acrj.org.br\/wp-content\/uploads\/2023\/09\/JUEDIR-TEIXEIRA-100x100.png 100w, https:\/\/acrj.org.br\/wp-content\/uploads\/2023\/09\/JUEDIR-TEIXEIRA-600x600.png 600w, https:\/\/acrj.org.br\/wp-content\/uploads\/2023\/09\/JUEDIR-TEIXEIRA-150x150.png 150w, https:\/\/acrj.org.br\/wp-content\/uploads\/2023\/09\/elementor\/thumbs\/JUEDIR-TEIXEIRA-150x150.png 800w\" sizes=\"(max-width: 688px) 100vw, 688px\" \/><figcaption class=\"wp-element-caption\">Juedir Teixeira<\/figcaption><\/figure>\n","protected":false},"excerpt":{"rendered":"<p>Por Juedir Teixeira \u2013 presidente do Conselho Empresarial de Varejo da ACRJ<\/p>\n","protected":false},"author":3,"featured_media":26576,"comment_status":"closed","ping_status":"closed","sticky":false,"template":"","format":"standard","meta":{"_exactmetrics_skip_tracking":false,"_exactmetrics_sitenote_active":false,"_exactmetrics_sitenote_note":"","_exactmetrics_sitenote_category":0,"footnotes":""},"categories":[12],"tags":[],"class_list":["post-26575","post","type-post","status-publish","format-standard","has-post-thumbnail","hentry","category-artigos"],"_links":{"self":[{"href":"https:\/\/acrj.org.br\/index.php\/wp-json\/wp\/v2\/posts\/26575","targetHints":{"allow":["GET"]}}],"collection":[{"href":"https:\/\/acrj.org.br\/index.php\/wp-json\/wp\/v2\/posts"}],"about":[{"href":"https:\/\/acrj.org.br\/index.php\/wp-json\/wp\/v2\/types\/post"}],"author":[{"embeddable":true,"href":"https:\/\/acrj.org.br\/index.php\/wp-json\/wp\/v2\/users\/3"}],"replies":[{"embeddable":true,"href":"https:\/\/acrj.org.br\/index.php\/wp-json\/wp\/v2\/comments?post=26575"}],"version-history":[{"count":0,"href":"https:\/\/acrj.org.br\/index.php\/wp-json\/wp\/v2\/posts\/26575\/revisions"}],"wp:featuredmedia":[{"embeddable":true,"href":"https:\/\/acrj.org.br\/index.php\/wp-json\/wp\/v2\/media\/26576"}],"wp:attachment":[{"href":"https:\/\/acrj.org.br\/index.php\/wp-json\/wp\/v2\/media?parent=26575"}],"wp:term":[{"taxonomy":"category","embeddable":true,"href":"https:\/\/acrj.org.br\/index.php\/wp-json\/wp\/v2\/categories?post=26575"},{"taxonomy":"post_tag","embeddable":true,"href":"https:\/\/acrj.org.br\/index.php\/wp-json\/wp\/v2\/tags?post=26575"}],"curies":[{"name":"wp","href":"https:\/\/api.w.org\/{rel}","templated":true}]}}